{"id":2236,"date":"2026-01-26T18:17:20","date_gmt":"2026-01-26T17:17:20","guid":{"rendered":"https:\/\/www.fondation-minou-amir-aslani.com\/?p=2236"},"modified":"2026-01-26T18:17:20","modified_gmt":"2026-01-26T17:17:20","slug":"remise-des-prix-geopolitique-et-theatre-2025","status":"publish","type":"post","link":"https:\/\/www.fondation-minou-amir-aslani.com\/en\/remise-des-prix-geopolitique-et-theatre-2025\/","title":{"rendered":"Remise des Prix G\u00e9opolitique et Th\u00e9\u00e2tre 2025"},"content":{"rendered":"<p class=\"wp-block-paragraph\">Le 20 janvier 2026, la Fondation Minou Amir-Aslani a eu l\u2019honneur de remettre ses Prix G\u00e9opolitique et Th\u00e9\u00e2tre 2025 dans le cadre solennel de la Grande salle des s\u00e9ances de l\u2019Institut de France, en pr\u00e9sence du Chancelier Xavier Darcos et du fondateur de la Fondation, Ma\u00eetre Ardavan Amir-Aslani.<\/p>\n\n\n\n<p class=\"wp-block-paragraph\"><strong>Deux prix pour faire entendre les voix du monde et du c\u0153ur<\/strong><\/p>\n\n\n\n<p class=\"wp-block-paragraph\">Port\u00e9s respectivement par Jean-Robert Pitte, pr\u00e9sident du jury du Prix G\u00e9opolitique, et Muriel Mayette-Holtz, pr\u00e9sidente du jury du Prix Th\u00e9\u00e2tre, ces deux distinctions incarnent l\u2019ambition de la Fondation : faire dialoguer savoir, cr\u00e9ation et engagement, pour mieux \u00e9clairer notre \u00e9poque.<\/p>\n\n\n\n<ul class=\"wp-block-list\">\n<li><strong>Le Prix G\u00e9opolitique 2025<\/strong> a \u00e9t\u00e9 attribu\u00e9 \u00e0 <strong>Bruno Tertrais<\/strong> pour <em>La Question isra\u00e9lienne<\/em> (\u00c9ditions de l\u2019Observatoire), un essai rigoureux et nuanc\u00e9 qui explore les multiples dimensions historiques, politiques et culturelles d\u2019un sujet au c\u0153ur de l\u2019actualit\u00e9, sans jamais c\u00e9der \u00e0 la polarisation des d\u00e9bats.<\/li>\n\n\n\n<li><strong>Le Prix Th\u00e9\u00e2tre 2025<\/strong> a \u00e9t\u00e9 remis \u00e0 <strong>Baptiste Gourden<\/strong> pour sa pi\u00e8ce <em>Aux croisements<\/em>, une \u0153uvre bouleversante sur les h\u00e9ritages familiaux, les identit\u00e9s construites et les secrets transmis. Dans un discours vibrant, l\u2019auteur a rappel\u00e9 combien le soutien \u00e0 la cr\u00e9ation est vital, en particulier pour celles et ceux pour qui l\u2019art demeure l\u2019un des derniers refuges, une \u00e9chapp\u00e9e possible hors du r\u00e9el.<\/li>\n<\/ul>\n\n\n\n<p class=\"wp-block-paragraph\"><strong>Une c\u00e9r\u00e9monie sous le signe de la transmission<\/strong><\/p>\n\n\n\n<p class=\"wp-block-paragraph\">Ouverte et conclue par le Chancelier de l\u2019Institut de France, Monsieur Xavier Darcos, cette c\u00e9r\u00e9monie a r\u00e9uni les membres des jurys, les laur\u00e9ats, les partenaires de la Fondation et de nombreux invit\u00e9s venus c\u00e9l\u00e9brer la pens\u00e9e, l\u2019\u00e9motion et la culture vivante. Dans un monde en qu\u00eate de rep\u00e8res, ces deux voix singuli\u00e8res t\u00e9moignent de la capacit\u00e9 de la cr\u00e9ation artistique et intellectuelle \u00e0 faire \u0153uvre de m\u00e9moire, de questionnement, et de transmission.<\/p>\n\n\n\n<figure class=\"wp-block-gallery has-nested-images columns-default is-cropped wp-block-gallery-1 is-layout-flex wp-block-gallery-is-layout-flex\">\n<figure class=\"wp-block-image size-large\"><img fetchpriority=\"high\" decoding=\"async\" width=\"1024\" height=\"683\" data-id=\"2237\" src=\"https:\/\/www.fondation-minou-amir-aslani.com\/wp-content\/uploads\/2026\/01\/MG_0914-1024x683.jpg\" alt=\"\" class=\"wp-image-2237\" srcset=\"https:\/\/www.fondation-minou-amir-aslani.com\/wp-content\/uploads\/2026\/01\/MG_0914-1024x683.jpg 1024w, https:\/\/www.fondation-minou-amir-aslani.com\/wp-content\/uploads\/2026\/01\/MG_0914-300x200.jpg 300w, https:\/\/www.fondation-minou-amir-aslani.com\/wp-content\/uploads\/2026\/01\/MG_0914-768x512.jpg 768w, https:\/\/www.fondation-minou-amir-aslani.com\/wp-content\/uploads\/2026\/01\/MG_0914-1536x1024.jpg 1536w, https:\/\/www.fondation-minou-amir-aslani.com\/wp-content\/uploads\/2026\/01\/MG_0914-2048x1365.jpg 2048w, https:\/\/www.fondation-minou-amir-aslani.com\/wp-content\/uploads\/2026\/01\/MG_0914-18x12.jpg 18w\" sizes=\"(max-width: 1024px) 100vw, 1024px\" \/><figcaption class=\"wp-element-caption\">Bruno Tertrais et Jean-Robert Pitte<\/figcaption><\/figure>\n\n\n\n<figure class=\"wp-block-image size-large\"><img decoding=\"async\" width=\"1024\" height=\"683\" data-id=\"2238\" src=\"https:\/\/www.fondation-minou-amir-aslani.com\/wp-content\/uploads\/2026\/01\/Baptiste-Gourden-et-Herve-Van-der-meulen-1024x683.jpg\" alt=\"\" class=\"wp-image-2238\" srcset=\"https:\/\/www.fondation-minou-amir-aslani.com\/wp-content\/uploads\/2026\/01\/Baptiste-Gourden-et-Herve-Van-der-meulen-1024x683.jpg 1024w, https:\/\/www.fondation-minou-amir-aslani.com\/wp-content\/uploads\/2026\/01\/Baptiste-Gourden-et-Herve-Van-der-meulen-300x200.jpg 300w, https:\/\/www.fondation-minou-amir-aslani.com\/wp-content\/uploads\/2026\/01\/Baptiste-Gourden-et-Herve-Van-der-meulen-768x512.jpg 768w, https:\/\/www.fondation-minou-amir-aslani.com\/wp-content\/uploads\/2026\/01\/Baptiste-Gourden-et-Herve-Van-der-meulen-1536x1024.jpg 1536w, https:\/\/www.fondation-minou-amir-aslani.com\/wp-content\/uploads\/2026\/01\/Baptiste-Gourden-et-Herve-Van-der-meulen-2048x1365.jpg 2048w, https:\/\/www.fondation-minou-amir-aslani.com\/wp-content\/uploads\/2026\/01\/Baptiste-Gourden-et-Herve-Van-der-meulen-18x12.jpg 18w\" sizes=\"(max-width: 1024px) 100vw, 1024px\" \/><figcaption class=\"wp-element-caption\">Baptiste Gourden et Herv\u00e9 Van der Meulen<\/figcaption><\/figure>\n\n\n\n<figure class=\"wp-block-image size-large\"><img decoding=\"async\" width=\"1024\" height=\"683\" data-id=\"2239\" src=\"https:\/\/www.fondation-minou-amir-aslani.com\/wp-content\/uploads\/2026\/01\/Fondateur-Chancelier-president-1024x683.jpg\" alt=\"\" class=\"wp-image-2239\" srcset=\"https:\/\/www.fondation-minou-amir-aslani.com\/wp-content\/uploads\/2026\/01\/Fondateur-Chancelier-president-1024x683.jpg 1024w, https:\/\/www.fondation-minou-amir-aslani.com\/wp-content\/uploads\/2026\/01\/Fondateur-Chancelier-president-300x200.jpg 300w, https:\/\/www.fondation-minou-amir-aslani.com\/wp-content\/uploads\/2026\/01\/Fondateur-Chancelier-president-768x512.jpg 768w, https:\/\/www.fondation-minou-amir-aslani.com\/wp-content\/uploads\/2026\/01\/Fondateur-Chancelier-president-1536x1024.jpg 1536w, https:\/\/www.fondation-minou-amir-aslani.com\/wp-content\/uploads\/2026\/01\/Fondateur-Chancelier-president-2048x1365.jpg 2048w, https:\/\/www.fondation-minou-amir-aslani.com\/wp-content\/uploads\/2026\/01\/Fondateur-Chancelier-president-18x12.jpg 18w\" sizes=\"(max-width: 1024px) 100vw, 1024px\" \/><figcaption class=\"wp-element-caption\">Ardavan Amir-Aslani, Xavier Darcos et Jean-Robert Pitte<\/figcaption><\/figure>\n<\/figure>\n\n\n\n<p class=\"wp-block-paragraph\"><\/p>","protected":false},"excerpt":{"rendered":"<p>Le 20 janvier 2026, la Fondation Minou Amir-Aslani a eu l\u2019honneur de remettre ses Prix G\u00e9opolitique et Th\u00e9\u00e2tre 2025 dans le cadre solennel de la Grande salle des s\u00e9ances de l\u2019Institut de France, en pr\u00e9sence du Chancelier Xavier Darcos et du fondateur de la Fondation, Ma\u00eetre Ardavan Amir-Aslani. Deux prix pour faire entendre les voix [&hellip;]<\/p>\n","protected":false},"author":3,"featured_media":2240,"comment_status":"closed","ping_status":"","sticky":false,"template":"","format":"standard","meta":{"_crdt_document":"","site-sidebar-layout":"default","site-content-layout":"","ast-site-content-layout":"default","site-content-style":"default","site-sidebar-style":"default","ast-global-header-display":"","ast-banner-title-visibility":"","ast-main-header-display":"","ast-hfb-above-header-display":"","ast-hfb-below-header-display":"","ast-hfb-mobile-header-display":"","site-post-title":"","ast-breadcrumbs-content":"","ast-featured-img":"","footer-sml-layout":"","theme-transparent-header-meta":"","adv-header-id-meta":"","stick-header-meta":"","header-above-stick-meta":"","header-main-stick-meta":"","header-below-stick-meta":"","astra-migrate-meta-layouts":"set","ast-page-background-enabled":"default","ast-page-background-meta":{"desktop":{"background-color":"var(--ast-global-color-4)","background-image":"","background-repeat":"repeat","background-position":"center center","background-size":"auto","background-attachment":"scroll","background-type":"","background-media":"","overlay-type":"","overlay-color":"","overlay-gradient":""},"tablet":{"background-color":"","background-image":"","background-repeat":"repeat","background-position":"center center","background-size":"auto","background-attachment":"scroll","background-type":"","background-media":"","overlay-type":"","overlay-color":"","overlay-gradient":""},"mobile":{"background-color":"","background-image":"","background-repeat":"repeat","background-position":"center center","background-size":"auto","background-attachment":"scroll","background-type":"","background-media":"","overlay-type":"","overlay-color":"","overlay-gradient":""}},"ast-content-background-meta":{"desktop":{"background-color":"var(--ast-global-color-5)","background-image":"","background-repeat":"repeat","background-position":"center center","background-size":"auto","background-attachment":"scroll","background-type":"","background-media":"","overlay-type":"","overlay-color":"","overlay-gradient":""},"tablet":{"background-color":"var(--ast-global-color-5)","background-image":"","background-repeat":"repeat","background-position":"center center","background-size":"auto","background-attachment":"scroll","background-type":"","background-media":"","overlay-type":"","overlay-color":"","overlay-gradient":""},"mobile":{"background-color":"var(--ast-global-color-5)","background-image":"","background-repeat":"repeat","background-position":"center center","background-size":"auto","background-attachment":"scroll","background-type":"","background-media":"","overlay-type":"","overlay-color":"","overlay-gradient":""}},"footnotes":""},"categories":[4],"tags":[17,15,47,43,44,21],"class_list":["post-2236","post","type-post","status-publish","format-standard","has-post-thumbnail","hentry","category-actualites","tag-culture","tag-fondation-minou-amir-aslani","tag-mecenat","tag-prix-geopolitique-2025","tag-prix-theatre-2025","tag-transmission"],"_links":{"self":[{"href":"https:\/\/www.fondation-minou-amir-aslani.com\/en\/wp-json\/wp\/v2\/posts\/2236","targetHints":{"allow":["GET"]}}],"collection":[{"href":"https:\/\/www.fondation-minou-amir-aslani.com\/en\/wp-json\/wp\/v2\/posts"}],"about":[{"href":"https:\/\/www.fondation-minou-amir-aslani.com\/en\/wp-json\/wp\/v2\/types\/post"}],"author":[{"embeddable":true,"href":"https:\/\/www.fondation-minou-amir-aslani.com\/en\/wp-json\/wp\/v2\/users\/3"}],"replies":[{"embeddable":true,"href":"https:\/\/www.fondation-minou-amir-aslani.com\/en\/wp-json\/wp\/v2\/comments?post=2236"}],"version-history":[{"count":1,"href":"https:\/\/www.fondation-minou-amir-aslani.com\/en\/wp-json\/wp\/v2\/posts\/2236\/revisions"}],"predecessor-version":[{"id":2241,"href":"https:\/\/www.fondation-minou-amir-aslani.com\/en\/wp-json\/wp\/v2\/posts\/2236\/revisions\/2241"}],"wp:featuredmedia":[{"embeddable":true,"href":"https:\/\/www.fondation-minou-amir-aslani.com\/en\/wp-json\/wp\/v2\/media\/2240"}],"wp:attachment":[{"href":"https:\/\/www.fondation-minou-amir-aslani.com\/en\/wp-json\/wp\/v2\/media?parent=2236"}],"wp:term":[{"taxonomy":"category","embeddable":true,"href":"https:\/\/www.fondation-minou-amir-aslani.com\/en\/wp-json\/wp\/v2\/categories?post=2236"},{"taxonomy":"post_tag","embeddable":true,"href":"https:\/\/www.fondation-minou-amir-aslani.com\/en\/wp-json\/wp\/v2\/tags?post=2236"}],"curies":[{"name":"wp","href":"https:\/\/api.w.org\/{rel}","templated":true}]}}