{"id":2206,"date":"2025-04-09T11:12:07","date_gmt":"2025-04-09T09:12:07","guid":{"rendered":"https:\/\/www.fondation-minou-amir-aslani.com\/?p=2206"},"modified":"2025-04-09T11:12:07","modified_gmt":"2025-04-09T09:12:07","slug":"appels-a-candidatures-2025-prix-theatre-prix-geopolitique","status":"publish","type":"post","link":"https:\/\/www.fondation-minou-amir-aslani.com\/en\/appels-a-candidatures-2025-prix-theatre-prix-geopolitique\/","title":{"rendered":"Appels \u00e0 candidatures 2025 \u2013 Prix Th\u00e9\u00e2tre &amp; Prix G\u00e9opolitique"},"content":{"rendered":"\n<p class=\"wp-block-paragraph\">Dans le cadre de sa mission de transmission et de soutien aux arts, \u00e0 la pens\u00e9e critique et \u00e0 l\u2019\u00e9ducation, la Fondation Minou Amir-Aslani a le plaisir d\u2019annoncer l\u2019ouverture des appels \u00e0 candidatures pour l\u2019\u00e9dition 2025 de ses Prix Th\u00e9\u00e2tre et G\u00e9opolitique.<\/p>\n\n\n\n<p class=\"wp-block-paragraph\">Ces prix, cr\u00e9\u00e9s en hommage \u00e0 Minou Amir-Aslani, passionn\u00e9e de culture, d\u2019art dramatique et de g\u00e9opolitique, incarnent la volont\u00e9 de la Fondation de r\u00e9compenser des contributions remarquables \u00e0 la cr\u00e9ation contemporaine et \u00e0 la compr\u00e9hension des enjeux mondiaux.<\/p>\n\n\n\n<h3 class=\"wp-block-heading\">Prix Th\u00e9\u00e2tre 2025 \u2013 Fondation Minou Amir-Aslani<\/h3>\n\n\n\n<p class=\"wp-block-paragraph\">Le Prix Th\u00e9\u00e2tre r\u00e9compense chaque ann\u00e9e une <strong>premi\u00e8re pi\u00e8ce contemporaine francophone<\/strong>, cr\u00e9\u00e9e et mise en sc\u00e8ne dans les 18 mois pr\u00e9c\u00e9dant la r\u00e9union du jury. Dot\u00e9 de <strong>10 000 euros<\/strong>, il vise \u00e0 faire rayonner les nouvelles voix du th\u00e9\u00e2tre contemporain, engag\u00e9es dans le pr\u00e9sent et port\u00e9es par l\u2019\u00e9criture sc\u00e9nique.<\/p>\n\n\n\n<p class=\"wp-block-paragraph\">La pr\u00e9sidence du jury est assur\u00e9e par <strong>Madame Muriel Mayette-Holtz<\/strong>, com\u00e9dienne, metteure en sc\u00e8ne, ancienne administratrice g\u00e9n\u00e9rale de la Com\u00e9die-Fran\u00e7aise, ancienne directrice de la Villa M\u00e9dicis, et actuelle directrice du Th\u00e9\u00e2tre national de Nice.<\/p>\n\n\n\n<p class=\"wp-block-paragraph\">Les candidatures sont ouvertes jusqu&rsquo;au <strong>2 juillet 2025<\/strong>.<\/p>\n\n\n\n<h3 class=\"wp-block-heading\">Prix de l\u2019essai G\u00e9opolitique 2025 \u2013 Fondation Minou Amir-Aslani<\/h3>\n\n\n\n<p class=\"wp-block-paragraph\">Le Prix de l\u2019essai g\u00e9opolitique sur le Proche-Orient r\u00e9compense chaque ann\u00e9e un <strong>ouvrage de r\u00e9f\u00e9rence<\/strong>, publi\u00e9 dans les 18 derniers mois, apportant un \u00e9clairage pr\u00e9cieux sur cette r\u00e9gion au c\u0153ur des \u00e9quilibres mondiaux.<\/p>\n\n\n\n<p class=\"wp-block-paragraph\">Dot\u00e9 de <strong>10 000 euros<\/strong>, ce prix honore les auteurs dont le travail contribue \u00e0 enrichir la compr\u00e9hension des dynamiques contemporaines du Proche-Orient et participe \u00e0 la transmission d\u2019une pens\u00e9e critique exigeante.<\/p>\n\n\n\n<p class=\"wp-block-paragraph\">Le jury est pr\u00e9sid\u00e9 par <strong>Monsieur Jean-Robert Pitte<\/strong>, Secr\u00e9taire perp\u00e9tuel honoraire de l\u2019Acad\u00e9mie des sciences morales et politiques.<\/p>\n\n\n\n<p class=\"wp-block-paragraph\">Les candidatures sont ouvertes jusqu&rsquo;au <strong>2 juillet 2025<\/strong>.<\/p>\n\n\n\n<p class=\"wp-block-paragraph\">Pour consulter les modalit\u00e9s de participation compl\u00e8tes et candidater :<\/p>\n\n\n\n<ul class=\"wp-block-list\">\n<li>[<a href=\"https:\/\/www.institutdefrance.fr\/wp-content\/uploads\/2025\/04\/Appel_Theatre-2025_Minou.pdf\" data-type=\"link\" data-id=\"https:\/\/www.institutdefrance.fr\/wp-content\/uploads\/2025\/04\/Appel_Theatre-2025_Minou.pdf\">Lien vers le document Appel \u00e0 candidature Prix Th\u00e9\u00e2tre 2025<\/a>]<\/li>\n\n\n\n<li>[<a href=\"https:\/\/www.institutdefrance.fr\/wp-content\/uploads\/2025\/04\/Appel_geopolitique_-2025.pdf?\" data-type=\"link\" data-id=\"https:\/\/www.institutdefrance.fr\/wp-content\/uploads\/2025\/04\/Appel_geopolitique_-2025.pdf?\">Lien vers le document Appel \u00e0 candidature Prix G\u00e9opolitique 2025<\/a>]<\/li>\n<\/ul>\n\n\n\n<p class=\"wp-block-paragraph\">Nous invitons les auteurs, chercheurs, dramaturges et metteurs en sc\u00e8ne \u00e0 faire entendre leur voix et \u00e0 participer \u00e0 cette nouvelle \u00e9dition.<\/p>\n\n\n\n<p class=\"wp-block-paragraph\"><\/p>\n","protected":false},"excerpt":{"rendered":"<p>Dans le cadre de sa mission de transmission et de soutien aux arts, \u00e0 la pens\u00e9e critique et \u00e0 l\u2019\u00e9ducation, la Fondation Minou Amir-Aslani a le plaisir d\u2019annoncer l\u2019ouverture des appels \u00e0 candidatures pour l\u2019\u00e9dition 2025 de ses Prix Th\u00e9\u00e2tre et G\u00e9opolitique. Ces prix, cr\u00e9\u00e9s en hommage \u00e0 Minou Amir-Aslani, passionn\u00e9e de culture, d\u2019art dramatique [&hellip;]<\/p>\n","protected":false},"author":3,"featured_media":2195,"comment_status":"closed","ping_status":"","sticky":false,"template":"","format":"standard","meta":{"_crdt_document":"","site-sidebar-layout":"default","site-content-layout":"","ast-site-content-layout":"default","site-content-style":"default","site-sidebar-style":"default","ast-global-header-display":"","ast-banner-title-visibility":"","ast-main-header-display":"","ast-hfb-above-header-display":"","ast-hfb-below-header-display":"","ast-hfb-mobile-header-display":"","site-post-title":"","ast-breadcrumbs-content":"","ast-featured-img":"","footer-sml-layout":"","theme-transparent-header-meta":"","adv-header-id-meta":"","stick-header-meta":"","header-above-stick-meta":"","header-main-stick-meta":"","header-below-stick-meta":"","astra-migrate-meta-layouts":"set","ast-page-background-enabled":"default","ast-page-background-meta":{"desktop":{"background-color":"var(--ast-global-color-4)","background-image":"","background-repeat":"repeat","background-position":"center center","background-size":"auto","background-attachment":"scroll","background-type":"","background-media":"","overlay-type":"","overlay-color":"","overlay-gradient":""},"tablet":{"background-color":"","background-image":"","background-repeat":"repeat","background-position":"center center","background-size":"auto","background-attachment":"scroll","background-type":"","background-media":"","overlay-type":"","overlay-color":"","overlay-gradient":""},"mobile":{"background-color":"","background-image":"","background-repeat":"repeat","background-position":"center center","background-size":"auto","background-attachment":"scroll","background-type":"","background-media":"","overlay-type":"","overlay-color":"","overlay-gradient":""}},"ast-content-background-meta":{"desktop":{"background-color":"var(--ast-global-color-5)","background-image":"","background-repeat":"repeat","background-position":"center center","background-size":"auto","background-attachment":"scroll","background-type":"","background-media":"","overlay-type":"","overlay-color":"","overlay-gradient":""},"tablet":{"background-color":"var(--ast-global-color-5)","background-image":"","background-repeat":"repeat","background-position":"center center","background-size":"auto","background-attachment":"scroll","background-type":"","background-media":"","overlay-type":"","overlay-color":"","overlay-gradient":""},"mobile":{"background-color":"var(--ast-global-color-5)","background-image":"","background-repeat":"repeat","background-position":"center center","background-size":"auto","background-attachment":"scroll","background-type":"","background-media":"","overlay-type":"","overlay-color":"","overlay-gradient":""}},"footnotes":""},"categories":[4],"tags":[15,43,44],"class_list":["post-2206","post","type-post","status-publish","format-standard","has-post-thumbnail","hentry","category-actualites","tag-fondation-minou-amir-aslani","tag-prix-geopolitique-2025","tag-prix-theatre-2025"],"_links":{"self":[{"href":"https:\/\/www.fondation-minou-amir-aslani.com\/en\/wp-json\/wp\/v2\/posts\/2206","targetHints":{"allow":["GET"]}}],"collection":[{"href":"https:\/\/www.fondation-minou-amir-aslani.com\/en\/wp-json\/wp\/v2\/posts"}],"about":[{"href":"https:\/\/www.fondation-minou-amir-aslani.com\/en\/wp-json\/wp\/v2\/types\/post"}],"author":[{"embeddable":true,"href":"https:\/\/www.fondation-minou-amir-aslani.com\/en\/wp-json\/wp\/v2\/users\/3"}],"replies":[{"embeddable":true,"href":"https:\/\/www.fondation-minou-amir-aslani.com\/en\/wp-json\/wp\/v2\/comments?post=2206"}],"version-history":[{"count":1,"href":"https:\/\/www.fondation-minou-amir-aslani.com\/en\/wp-json\/wp\/v2\/posts\/2206\/revisions"}],"predecessor-version":[{"id":2207,"href":"https:\/\/www.fondation-minou-amir-aslani.com\/en\/wp-json\/wp\/v2\/posts\/2206\/revisions\/2207"}],"wp:featuredmedia":[{"embeddable":true,"href":"https:\/\/www.fondation-minou-amir-aslani.com\/en\/wp-json\/wp\/v2\/media\/2195"}],"wp:attachment":[{"href":"https:\/\/www.fondation-minou-amir-aslani.com\/en\/wp-json\/wp\/v2\/media?parent=2206"}],"wp:term":[{"taxonomy":"category","embeddable":true,"href":"https:\/\/www.fondation-minou-amir-aslani.com\/en\/wp-json\/wp\/v2\/categories?post=2206"},{"taxonomy":"post_tag","embeddable":true,"href":"https:\/\/www.fondation-minou-amir-aslani.com\/en\/wp-json\/wp\/v2\/tags?post=2206"}],"curies":[{"name":"wp","href":"https:\/\/api.w.org\/{rel}","templated":true}]}}