{"id":2193,"date":"2025-03-19T18:50:14","date_gmt":"2025-03-19T17:50:14","guid":{"rendered":"https:\/\/www.fondation-minou-amir-aslani.com\/?p=2193"},"modified":"2025-03-19T19:15:24","modified_gmt":"2025-03-19T18:15:24","slug":"remise-des-prix-geopolitique-et-theatre-2023-2024-celebrer-la-pensee-et-la-creation","status":"publish","type":"post","link":"https:\/\/www.fondation-minou-amir-aslani.com\/en\/remise-des-prix-geopolitique-et-theatre-2023-2024-celebrer-la-pensee-et-la-creation\/","title":{"rendered":"Remise des Prix G\u00e9opolitique et Th\u00e9\u00e2tre 2023-2024 : C\u00e9l\u00e9brer la pens\u00e9e et la cr\u00e9ation"},"content":{"rendered":"<p class=\"wp-block-paragraph\">Le <strong>10 mars dernier<\/strong>, sous la <strong>Coupole de l\u2019Institut de France<\/strong>, la <strong>Fondation Minou Amir-Aslani<\/strong> a honor\u00e9 la pens\u00e9e, la cr\u00e9ation et la transmission \u00e0 travers la remise de ses <strong>Prix G\u00e9opolitique et Th\u00e9\u00e2tre 2023-2024<\/strong>.<br>Cet \u00e9v\u00e9nement annuel, plac\u00e9 sous le <strong>haut patronage de l\u2019Institut de France<\/strong>, a r\u00e9uni un <strong>public prestigieux<\/strong> compos\u00e9 de membres de l\u2019Institut, de personnalit\u00e9s du monde acad\u00e9mique et artistique, ainsi que des invit\u00e9s et b\u00e9n\u00e9ficiaires de la Fondation.<\/p>\n\n\n\n<h2 class=\"wp-block-heading\">Un cadre d\u2019exception pour une c\u00e9r\u00e9monie solennelle<\/h2>\n\n\n\n<p class=\"wp-block-paragraph\"><\/p>\n\n\n\n<p class=\"wp-block-paragraph\">Dans la Grande Salle des S\u00e9ances, c\u0153ur de l\u2019Institut de France, la c\u00e9r\u00e9monie a \u00e9t\u00e9 pr\u00e9sid\u00e9e par Monsieur Xavier Darcos, Chancelier de l\u2019Institut de France, accompagn\u00e9 d\u2019Amin Maalouf, Secr\u00e9taire perp\u00e9tuel de l\u2019Acad\u00e9mie fran\u00e7aise, et de Ma\u00eetre Ardavan Amir-Aslani, fondateur de la Fondation.<\/p>\n\n\n\n<p class=\"wp-block-paragraph\">En ouverture, le Chancelier a rappel\u00e9 l\u2019importance de la transmission intellectuelle et du soutien aux arts et aux lettres, valeurs port\u00e9es par la Fondation Minou Amir-Aslani depuis sa cr\u00e9ation. Ma\u00eetre Ardavan Amir-Aslani a ensuite pris la parole, soulignant combien ces prix s\u2019inscrivent dans un engagement profond en faveur du savoir, du dialogue et de la cr\u00e9ation, dans l\u2019esprit de sa m\u00e8re, Minou Amir-Aslani, pour qui la culture \u00e9tait un vecteur essentiel d\u2019\u00e9panouissement et de libert\u00e9.<\/p>\n\n\n\n<h2 class=\"wp-block-heading\">Les laur\u00e9ats \u00e0 l\u2019honneur<\/h2>\n\n\n\n<p class=\"wp-block-paragraph\"><\/p>\n\n\n\n<p class=\"wp-block-paragraph\">Trois laur\u00e9ats ont \u00e9t\u00e9 r\u00e9compens\u00e9s cette ann\u00e9e pour l\u2019excellence et l\u2019originalit\u00e9 de leurs travaux :<\/p>\n\n\n\n<p class=\"wp-block-paragraph\"><strong>Prix G\u00e9opolitique 2024<\/strong><br><strong>Laur\u00e9at : Olivier Hanne<\/strong><br>Jean-Robert Pitte, Secr\u00e9taire perp\u00e9tuel honoraire de l\u2019Acad\u00e9mie des sciences morales et politiques et pr\u00e9sident du jury, a r\u00e9compens\u00e9 Olivier Hanne pour son ouvrage <em>Histoire du djihad : Des origines de l&rsquo;islam \u00e0 Daech<\/em>. Ce sp\u00e9cialiste des relations internationales et du monde arabe, dont les recherches apportent un \u00e9clairage pr\u00e9cieux sur les dynamiques contemporaines des conflits et des influences g\u00e9opolitiques. Dans cet essai, il retrace quatorze si\u00e8cles d\u2019histoire du djihad, depuis les fondements de l\u2019islam jusqu\u2019au djihadisme contemporain. Il \u00e9claire les multiples interpr\u00e9tations et r\u00e9\u00e9critures de cette notion, et analyse son instrumentalisation politique jusqu&rsquo;\u00e0 son expression terroriste actuelle.<\/p>\n\n\n\n<p class=\"wp-block-paragraph\"><strong>Prix Th\u00e9\u00e2tre 2023<\/strong><br><strong>Laur\u00e9ate : Daphn\u00e9 Biiga Nwanak<\/strong><br>Muriel Mayette-Holtz, pr\u00e9sidente du jury et directrice du th\u00e9\u00e2tre national de Nice, a pr\u00e9sent\u00e9 l&rsquo;autrice et metteuse en sc\u00e8ne Daphn\u00e9 Biiga Nwanak, r\u00e9compens\u00e9e pour son texte <em>Lecture Am\u00e9ricaine<\/em>.<\/p>\n\n\n\n<p class=\"wp-block-paragraph\">Cette pi\u00e8ce interroge la figure du p\u00e8re et le poids de l\u2019exil, tissant un r\u00e9cit intime et puissant sur les racines et la transmission. \u00c0 travers une langue cisel\u00e9e et une dramaturgie immersive, <em>Lecture Am\u00e9ricaine<\/em> explore le d\u00e9placement, la m\u00e9moire et la qu\u00eate d\u2019identit\u00e9 avec une sensibilit\u00e9 rare, mettant en lumi\u00e8re des trajectoires individuelles au croisement de l\u2019histoire collective.<\/p>\n\n\n\n<p class=\"wp-block-paragraph\"><strong>Prix Th\u00e9\u00e2tre 2024<\/strong><br><strong>Laur\u00e9at : Jules Benveniste<\/strong><br>Muriel Mayette-Holtz, pr\u00e9sidente du jury et ancienne administratrice de la Com\u00e9die-Fran\u00e7aise, a pr\u00e9sent\u00e9 l\u2019auteur, acteur et metteur en sc\u00e8ne Jules Benveniste, r\u00e9compens\u00e9 pour son texte <em>pleurePASpapa<\/em>.<\/p>\n\n\n\n<p class=\"wp-block-paragraph\">Ce texte d\u00e9voile la rencontre fortuite entre un \u00e9tranger et une habitante, \u00e0 la fronti\u00e8re entre civilisation et barbarie, o\u00f9 la musique devient un langage de m\u00e9moire et de transmission. Inspir\u00e9 de la po\u00e9tique pasolinienne, <em>pleurePASpapa<\/em> interroge les notions d\u2019identit\u00e9, d\u2019exil et de filiation \u00e0 travers une narration m\u00ealant diff\u00e9rentes langues et expressions artistiques. Entre r\u00e9cit intime et fresque contemporaine, cette \u0153uvre explore la place du langage et du son comme passerelles entre les individus et les \u00e9poques.<\/p>\n\n\n\n<h2 class=\"wp-block-heading\">Une c\u00e9r\u00e9monie empreinte d\u2019\u00e9motion et de partage<\/h2>\n\n\n\n<p class=\"wp-block-paragraph\"><\/p>\n\n\n\n<p class=\"wp-block-paragraph\">Les discours des laur\u00e9ats, <strong>prononc\u00e9s avec intensit\u00e9 et sinc\u00e9rit\u00e9<\/strong>, ont rendu hommage aux <strong>figures qui les ont guid\u00e9s<\/strong> dans leurs parcours respectifs, rappelant que <strong>l\u2019engagement artistique et intellectuel s\u2019inscrit toujours dans une filiation, une histoire, une transmission<\/strong>.<\/p>\n\n\n\n<blockquote class=\"wp-block-quote is-layout-flow wp-block-quote-is-layout-flow\">\n<p class=\"wp-block-paragraph\"><em>\u00ab De la sc\u00e8ne aux id\u00e9es, cette soir\u00e9e a illustr\u00e9 combien le savoir et l\u2019art sont des h\u00e9ritages vivants, nourris par ceux qui nous ont pr\u00e9c\u00e9d\u00e9s. \u00bb<\/em><\/p>\n<\/blockquote>\n\n\n\n<p class=\"wp-block-paragraph\">Cette dimension <strong>interg\u00e9n\u00e9rationnelle et cet hommage aux passeurs de culture<\/strong> r\u00e9sonnent particuli\u00e8rement avec <strong>la vocation de la Fondation Minou Amir-Aslani<\/strong>, cr\u00e9\u00e9e pour <strong>perp\u00e9tuer la m\u00e9moire de Minou Amir-Aslani<\/strong> et son attachement aux arts, aux lettres et \u00e0 l\u2019\u00e9ducation.<\/p>\n\n\n\n<h2 class=\"wp-block-heading\">Un moment de convivialit\u00e9 et d\u2019\u00e9changes<\/h2>\n\n\n\n<p class=\"wp-block-paragraph\"><\/p>\n\n\n\n<p class=\"wp-block-paragraph\">La c\u00e9r\u00e9monie s\u2019est conclue par un <strong>cocktail dans les salons Bonnefous et Genevoix<\/strong>, o\u00f9 invit\u00e9s, membres de l\u2019Institut, jurys et laur\u00e9ats ont pu <strong>\u00e9changer dans un cadre chaleureux<\/strong>.<br>Ce fut l\u2019occasion de <strong>prolonger les discussions<\/strong> et de c\u00e9l\u00e9brer ces parcours d\u2019excellence <strong>dans un esprit de partage et d\u2019engagement<\/strong>.<\/p>\n\n\n\n<p class=\"wp-block-paragraph\">Par ces Prix, <strong>la Fondation Minou Amir-Aslani<\/strong> r\u00e9affirme <strong>son ambition de soutenir la cr\u00e9ation, la recherche et la transmission des savoirs<\/strong>, convaincue que <strong>la culture et la pens\u00e9e \u00e9clair\u00e9e sont des cl\u00e9s pour b\u00e2tir l\u2019avenir<\/strong>.<\/p>\n\n\n\n<p class=\"wp-block-paragraph\"><\/p>\n\n\n\n<p class=\"wp-block-paragraph\"><strong>Retour en images sur cette soir\u00e9e d\u2019exception<\/strong><\/p>\n\n\n\n<figure class=\"wp-block-gallery has-nested-images columns-default is-cropped wp-block-gallery-1 is-layout-flex wp-block-gallery-is-layout-flex\">\n<figure class=\"wp-block-image size-large\"><img fetchpriority=\"high\" decoding=\"async\" width=\"1024\" height=\"683\" data-id=\"2197\" src=\"https:\/\/www.fondation-minou-amir-aslani.com\/wp-content\/uploads\/2025\/03\/IMG_0280-1-1024x683.jpg\" alt=\"\" class=\"wp-image-2197\" srcset=\"https:\/\/www.fondation-minou-amir-aslani.com\/wp-content\/uploads\/2025\/03\/IMG_0280-1-1024x683.jpg 1024w, https:\/\/www.fondation-minou-amir-aslani.com\/wp-content\/uploads\/2025\/03\/IMG_0280-1-300x200.jpg 300w, https:\/\/www.fondation-minou-amir-aslani.com\/wp-content\/uploads\/2025\/03\/IMG_0280-1-768x512.jpg 768w, https:\/\/www.fondation-minou-amir-aslani.com\/wp-content\/uploads\/2025\/03\/IMG_0280-1-1536x1024.jpg 1536w, https:\/\/www.fondation-minou-amir-aslani.com\/wp-content\/uploads\/2025\/03\/IMG_0280-1-2048x1365.jpg 2048w, https:\/\/www.fondation-minou-amir-aslani.com\/wp-content\/uploads\/2025\/03\/IMG_0280-1-18x12.jpg 18w\" sizes=\"(max-width: 1024px) 100vw, 1024px\" \/><\/figure>\n\n\n\n<figure class=\"wp-block-image size-large\"><img decoding=\"async\" width=\"1024\" height=\"683\" data-id=\"2195\" src=\"https:\/\/www.fondation-minou-amir-aslani.com\/wp-content\/uploads\/2025\/03\/IMG_0287-1024x683.jpg\" alt=\"\" class=\"wp-image-2195\" srcset=\"https:\/\/www.fondation-minou-amir-aslani.com\/wp-content\/uploads\/2025\/03\/IMG_0287-1024x683.jpg 1024w, https:\/\/www.fondation-minou-amir-aslani.com\/wp-content\/uploads\/2025\/03\/IMG_0287-300x200.jpg 300w, https:\/\/www.fondation-minou-amir-aslani.com\/wp-content\/uploads\/2025\/03\/IMG_0287-768x512.jpg 768w, https:\/\/www.fondation-minou-amir-aslani.com\/wp-content\/uploads\/2025\/03\/IMG_0287-1536x1024.jpg 1536w, https:\/\/www.fondation-minou-amir-aslani.com\/wp-content\/uploads\/2025\/03\/IMG_0287-2048x1365.jpg 2048w, https:\/\/www.fondation-minou-amir-aslani.com\/wp-content\/uploads\/2025\/03\/IMG_0287-18x12.jpg 18w\" sizes=\"(max-width: 1024px) 100vw, 1024px\" \/><\/figure>\n\n\n\n<figure class=\"wp-block-image size-large\"><img decoding=\"async\" width=\"1024\" height=\"683\" data-id=\"2196\" src=\"https:\/\/www.fondation-minou-amir-aslani.com\/wp-content\/uploads\/2025\/03\/IMG_0306-1024x683.jpg\" alt=\"\" class=\"wp-image-2196\" srcset=\"https:\/\/www.fondation-minou-amir-aslani.com\/wp-content\/uploads\/2025\/03\/IMG_0306-1024x683.jpg 1024w, https:\/\/www.fondation-minou-amir-aslani.com\/wp-content\/uploads\/2025\/03\/IMG_0306-300x200.jpg 300w, https:\/\/www.fondation-minou-amir-aslani.com\/wp-content\/uploads\/2025\/03\/IMG_0306-768x512.jpg 768w, https:\/\/www.fondation-minou-amir-aslani.com\/wp-content\/uploads\/2025\/03\/IMG_0306-1536x1024.jpg 1536w, https:\/\/www.fondation-minou-amir-aslani.com\/wp-content\/uploads\/2025\/03\/IMG_0306-2048x1365.jpg 2048w, https:\/\/www.fondation-minou-amir-aslani.com\/wp-content\/uploads\/2025\/03\/IMG_0306-18x12.jpg 18w\" sizes=\"(max-width: 1024px) 100vw, 1024px\" \/><\/figure>\n<\/figure>\n\n\n\n<p class=\"wp-block-paragraph\"><\/p>","protected":false},"excerpt":{"rendered":"<p>Le 10 mars dernier, sous la Coupole de l\u2019Institut de France, la Fondation Minou Amir-Aslani a honor\u00e9 la pens\u00e9e, la cr\u00e9ation et la transmission \u00e0 travers la remise de ses Prix G\u00e9opolitique et Th\u00e9\u00e2tre 2023-2024.Cet \u00e9v\u00e9nement annuel, plac\u00e9 sous le haut patronage de l\u2019Institut de France, a r\u00e9uni un public prestigieux compos\u00e9 de membres de [&hellip;]<\/p>\n","protected":false},"author":3,"featured_media":2197,"comment_status":"closed","ping_status":"","sticky":false,"template":"","format":"standard","meta":{"_crdt_document":"","site-sidebar-layout":"default","site-content-layout":"","ast-site-content-layout":"default","site-content-style":"default","site-sidebar-style":"default","ast-global-header-display":"","ast-banner-title-visibility":"","ast-main-header-display":"","ast-hfb-above-header-display":"","ast-hfb-below-header-display":"","ast-hfb-mobile-header-display":"","site-post-title":"","ast-breadcrumbs-content":"","ast-featured-img":"","footer-sml-layout":"","theme-transparent-header-meta":"","adv-header-id-meta":"","stick-header-meta":"","header-above-stick-meta":"","header-main-stick-meta":"","header-below-stick-meta":"","astra-migrate-meta-layouts":"set","ast-page-background-enabled":"default","ast-page-background-meta":{"desktop":{"background-color":"var(--ast-global-color-4)","background-image":"","background-repeat":"repeat","background-position":"center center","background-size":"auto","background-attachment":"scroll","background-type":"","background-media":"","overlay-type":"","overlay-color":"","overlay-gradient":""},"tablet":{"background-color":"","background-image":"","background-repeat":"repeat","background-position":"center center","background-size":"auto","background-attachment":"scroll","background-type":"","background-media":"","overlay-type":"","overlay-color":"","overlay-gradient":""},"mobile":{"background-color":"","background-image":"","background-repeat":"repeat","background-position":"center center","background-size":"auto","background-attachment":"scroll","background-type":"","background-media":"","overlay-type":"","overlay-color":"","overlay-gradient":""}},"ast-content-background-meta":{"desktop":{"background-color":"var(--ast-global-color-5)","background-image":"","background-repeat":"repeat","background-position":"center center","background-size":"auto","background-attachment":"scroll","background-type":"","background-media":"","overlay-type":"","overlay-color":"","overlay-gradient":""},"tablet":{"background-color":"var(--ast-global-color-5)","background-image":"","background-repeat":"repeat","background-position":"center center","background-size":"auto","background-attachment":"scroll","background-type":"","background-media":"","overlay-type":"","overlay-color":"","overlay-gradient":""},"mobile":{"background-color":"var(--ast-global-color-5)","background-image":"","background-repeat":"repeat","background-position":"center center","background-size":"auto","background-attachment":"scroll","background-type":"","background-media":"","overlay-type":"","overlay-color":"","overlay-gradient":""}},"footnotes":""},"categories":[4],"tags":[41,15,42,40,39,21],"class_list":["post-2193","post","type-post","status-publish","format-standard","has-post-thumbnail","hentry","category-actualites","tag-ceremonie","tag-fondation-minou-amir-aslani","tag-institut-de-france","tag-prix-geopolitique","tag-prix-theatre","tag-transmission"],"_links":{"self":[{"href":"https:\/\/www.fondation-minou-amir-aslani.com\/en\/wp-json\/wp\/v2\/posts\/2193","targetHints":{"allow":["GET"]}}],"collection":[{"href":"https:\/\/www.fondation-minou-amir-aslani.com\/en\/wp-json\/wp\/v2\/posts"}],"about":[{"href":"https:\/\/www.fondation-minou-amir-aslani.com\/en\/wp-json\/wp\/v2\/types\/post"}],"author":[{"embeddable":true,"href":"https:\/\/www.fondation-minou-amir-aslani.com\/en\/wp-json\/wp\/v2\/users\/3"}],"replies":[{"embeddable":true,"href":"https:\/\/www.fondation-minou-amir-aslani.com\/en\/wp-json\/wp\/v2\/comments?post=2193"}],"version-history":[{"count":4,"href":"https:\/\/www.fondation-minou-amir-aslani.com\/en\/wp-json\/wp\/v2\/posts\/2193\/revisions"}],"predecessor-version":[{"id":2201,"href":"https:\/\/www.fondation-minou-amir-aslani.com\/en\/wp-json\/wp\/v2\/posts\/2193\/revisions\/2201"}],"wp:featuredmedia":[{"embeddable":true,"href":"https:\/\/www.fondation-minou-amir-aslani.com\/en\/wp-json\/wp\/v2\/media\/2197"}],"wp:attachment":[{"href":"https:\/\/www.fondation-minou-amir-aslani.com\/en\/wp-json\/wp\/v2\/media?parent=2193"}],"wp:term":[{"taxonomy":"category","embeddable":true,"href":"https:\/\/www.fondation-minou-amir-aslani.com\/en\/wp-json\/wp\/v2\/categories?post=2193"},{"taxonomy":"post_tag","embeddable":true,"href":"https:\/\/www.fondation-minou-amir-aslani.com\/en\/wp-json\/wp\/v2\/tags?post=2193"}],"curies":[{"name":"wp","href":"https:\/\/api.w.org\/{rel}","templated":true}]}}