{"id":2169,"date":"2025-01-15T17:31:17","date_gmt":"2025-01-15T16:31:17","guid":{"rendered":"https:\/\/www.fondation-minou-amir-aslani.com\/?p=2169"},"modified":"2025-01-15T17:31:17","modified_gmt":"2025-01-15T16:31:17","slug":"la-fondation-minou-amir-aslani-au-coeur-du-gala-de-la-voix-2025","status":"publish","type":"post","link":"https:\/\/www.fondation-minou-amir-aslani.com\/en\/la-fondation-minou-amir-aslani-au-coeur-du-gala-de-la-voix-2025\/","title":{"rendered":"La Fondation Minou Amir-Aslani au c\u0153ur du Gala de la Voix 2025"},"content":{"rendered":"<p class=\"wp-block-paragraph\"><strong>Le 14 janvier 2025, la prestigieuse Salle Cortot a accueilli la premi\u00e8re \u00e9dition du Gala de la Voix, un moment fort pour l\u2019\u00c9cole Normale de Musique de Paris \u2013 Alfred Cortot et pour la Fondation Minou Amir-Aslani.<\/strong><\/p>\n\n\n\n<p class=\"wp-block-paragraph\">Imagin\u00e9 comme un concert de gala doubl\u00e9 d\u2019un concours, cet \u00e9v\u00e9nement in\u00e9dit vise \u00e0 offrir aux jeunes chanteurs lyriques bien plus qu\u2019une sc\u00e8ne : une v\u00e9ritable opportunit\u00e9 de se faire remarquer par des professionnels renomm\u00e9s du monde de la musique et de franchir un cap dans leur carri\u00e8re. Cette initiative s\u2019inscrit dans une volont\u00e9 de transmission et de soutien \u00e0 l\u2019excellence artistique.<\/p>\n\n\n\n<p class=\"wp-block-paragraph\">Le gala a mis en lumi\u00e8re le talent et la passion de sept jeunes artistes, incarnant l\u2019excellence et la transmission des savoirs. Soutenu par la Fondation Minou Amir-Aslani, cet \u00e9v\u00e9nement rend \u00e9galement hommage \u00e0 la m\u00e9moire de Minou Amir-Aslani, une femme pour qui la musique repr\u00e9sentait bien plus qu\u2019un art : un pont entre les g\u00e9n\u00e9rations.<\/p>\n\n\n\n<p class=\"wp-block-paragraph\">Dans un article publi\u00e9 par <em>Classicagenda<\/em>, Madame Murielle Hurel, directrice de l\u2019\u00c9cole Normale de Musique de Paris, et Ma\u00eetre Ardavan Amir-Aslani, pr\u00e9sident de la Fondation Minou Amir-Aslani, reviennent sur les coulisses de cet \u00e9v\u00e9nement et partagent leur vision commune d\u2019un m\u00e9c\u00e9nat au service de l\u2019excellence musicale et de la transmission des valeurs.<\/p>\n\n\n\n<p class=\"wp-block-paragraph\">\u00c0 travers cette interview crois\u00e9e, d\u00e9couvrez l\u2019histoire inspirante de cette collaboration et l\u2019engagement sinc\u00e8re qui permet aux jeunes talents de poursuivre leur r\u00eave et de trouver leur place sur les grandes sc\u00e8nes internationales.<\/p>\n\n\n\n<p class=\"wp-block-paragraph\">\ud83d\udd17 <a href=\"https:\/\/classicagenda.fr\/le-mecenat-au-service-de-lexcellence-musicale\/\">Lire l&rsquo;article sur Classicagenda<\/a><\/p>","protected":false},"excerpt":{"rendered":"<p>Le 14 janvier 2025, la prestigieuse Salle Cortot a accueilli la premi\u00e8re \u00e9dition du Gala de la Voix, un moment fort pour l\u2019\u00c9cole Normale de Musique de Paris \u2013 Alfred Cortot et pour la Fondation Minou Amir-Aslani. Imagin\u00e9 comme un concert de gala doubl\u00e9 d\u2019un concours, cet \u00e9v\u00e9nement in\u00e9dit vise \u00e0 offrir aux jeunes chanteurs [&hellip;]<\/p>\n","protected":false},"author":3,"featured_media":2170,"comment_status":"closed","ping_status":"","sticky":false,"template":"","format":"standard","meta":{"_crdt_document":"","site-sidebar-layout":"default","site-content-layout":"","ast-site-content-layout":"default","site-content-style":"default","site-sidebar-style":"default","ast-global-header-display":"","ast-banner-title-visibility":"","ast-main-header-display":"","ast-hfb-above-header-display":"","ast-hfb-below-header-display":"","ast-hfb-mobile-header-display":"","site-post-title":"","ast-breadcrumbs-content":"","ast-featured-img":"","footer-sml-layout":"","theme-transparent-header-meta":"","adv-header-id-meta":"","stick-header-meta":"","header-above-stick-meta":"","header-main-stick-meta":"","header-below-stick-meta":"","astra-migrate-meta-layouts":"set","ast-page-background-enabled":"default","ast-page-background-meta":{"desktop":{"background-color":"var(--ast-global-color-4)","background-image":"","background-repeat":"repeat","background-position":"center center","background-size":"auto","background-attachment":"scroll","background-type":"","background-media":"","overlay-type":"","overlay-color":"","overlay-gradient":""},"tablet":{"background-color":"","background-image":"","background-repeat":"repeat","background-position":"center center","background-size":"auto","background-attachment":"scroll","background-type":"","background-media":"","overlay-type":"","overlay-color":"","overlay-gradient":""},"mobile":{"background-color":"","background-image":"","background-repeat":"repeat","background-position":"center center","background-size":"auto","background-attachment":"scroll","background-type":"","background-media":"","overlay-type":"","overlay-color":"","overlay-gradient":""}},"ast-content-background-meta":{"desktop":{"background-color":"var(--ast-global-color-5)","background-image":"","background-repeat":"repeat","background-position":"center center","background-size":"auto","background-attachment":"scroll","background-type":"","background-media":"","overlay-type":"","overlay-color":"","overlay-gradient":""},"tablet":{"background-color":"var(--ast-global-color-5)","background-image":"","background-repeat":"repeat","background-position":"center center","background-size":"auto","background-attachment":"scroll","background-type":"","background-media":"","overlay-type":"","overlay-color":"","overlay-gradient":""},"mobile":{"background-color":"var(--ast-global-color-5)","background-image":"","background-repeat":"repeat","background-position":"center center","background-size":"auto","background-attachment":"scroll","background-type":"","background-media":"","overlay-type":"","overlay-color":"","overlay-gradient":""}},"footnotes":""},"categories":[4],"tags":[35,38,37,34,36,21],"class_list":["post-2169","post","type-post","status-publish","format-standard","has-post-thumbnail","hentry","category-actualites","tag-art-lyrique","tag-ecole-normale-de-musique-alfred-cortot","tag-fondation-minou-amir-aslani-2","tag-gala-de-la-voix","tag-jeunes-talents","tag-transmission"],"_links":{"self":[{"href":"https:\/\/www.fondation-minou-amir-aslani.com\/en\/wp-json\/wp\/v2\/posts\/2169","targetHints":{"allow":["GET"]}}],"collection":[{"href":"https:\/\/www.fondation-minou-amir-aslani.com\/en\/wp-json\/wp\/v2\/posts"}],"about":[{"href":"https:\/\/www.fondation-minou-amir-aslani.com\/en\/wp-json\/wp\/v2\/types\/post"}],"author":[{"embeddable":true,"href":"https:\/\/www.fondation-minou-amir-aslani.com\/en\/wp-json\/wp\/v2\/users\/3"}],"replies":[{"embeddable":true,"href":"https:\/\/www.fondation-minou-amir-aslani.com\/en\/wp-json\/wp\/v2\/comments?post=2169"}],"version-history":[{"count":2,"href":"https:\/\/www.fondation-minou-amir-aslani.com\/en\/wp-json\/wp\/v2\/posts\/2169\/revisions"}],"predecessor-version":[{"id":2172,"href":"https:\/\/www.fondation-minou-amir-aslani.com\/en\/wp-json\/wp\/v2\/posts\/2169\/revisions\/2172"}],"wp:featuredmedia":[{"embeddable":true,"href":"https:\/\/www.fondation-minou-amir-aslani.com\/en\/wp-json\/wp\/v2\/media\/2170"}],"wp:attachment":[{"href":"https:\/\/www.fondation-minou-amir-aslani.com\/en\/wp-json\/wp\/v2\/media?parent=2169"}],"wp:term":[{"taxonomy":"category","embeddable":true,"href":"https:\/\/www.fondation-minou-amir-aslani.com\/en\/wp-json\/wp\/v2\/categories?post=2169"},{"taxonomy":"post_tag","embeddable":true,"href":"https:\/\/www.fondation-minou-amir-aslani.com\/en\/wp-json\/wp\/v2\/tags?post=2169"}],"curies":[{"name":"wp","href":"https:\/\/api.w.org\/{rel}","templated":true}]}}