{"id":2156,"date":"2025-01-10T10:04:06","date_gmt":"2025-01-10T09:04:06","guid":{"rendered":"https:\/\/www.fondation-minou-amir-aslani.com\/?p=2156"},"modified":"2025-01-10T10:23:50","modified_gmt":"2025-01-10T09:23:50","slug":"hommage-a-lhistoire-la-fondation-minou-amir-aslani-contribue-a-lacquisition-des-insignes-du-general-de-gaulle","status":"publish","type":"post","link":"https:\/\/www.fondation-minou-amir-aslani.com\/en\/hommage-a-lhistoire-la-fondation-minou-amir-aslani-contribue-a-lacquisition-des-insignes-du-general-de-gaulle\/","title":{"rendered":"Hommage \u00e0 l\u2019Histoire : la Fondation Minou Amir-Aslani contribue \u00e0 l&rsquo;acquisition des insignes du g\u00e9n\u00e9ral de Gaulle"},"content":{"rendered":"<p class=\"wp-block-paragraph\"><strong>Le 16 d\u00e9cembre 2024, lors d&rsquo;une vente organis\u00e9e par la maison Artcurial, le mus\u00e9e de l&rsquo;Arm\u00e9e a enrichi ses collections d\u2019objets historiques embl\u00e9matiques : quatre insignes ayant appartenu au g\u00e9n\u00e9ral Charles de Gaulle. Cette acquisition embl\u00e9matique a pu \u00eatre r\u00e9alis\u00e9e gr\u00e2ce au soutien de partenaires engag\u00e9s, parmi lesquels la Fondation Minou Amir-Aslani, en hommage \u00e0 Minou Amir-Aslani, passionn\u00e9e d\u2019histoire et convaincue de l\u2019importance de pr\u00e9server la m\u00e9moire collective.<\/strong><\/p>\n\n\n\n<p class=\"wp-block-paragraph\"><strong>Les insignes du G\u00e9n\u00e9ral de Gaulle<\/strong><\/p>\n\n\n\n<p class=\"wp-block-paragraph\">Ces insignes t\u00e9moignent des moments-cl\u00e9s de la vie militaire et de l&rsquo;engagement du chef de la France libre : <\/p>\n\n\n\n<ul class=\"wp-block-list\">\n<li><em>Les insignes des Forces fran\u00e7aises libres (FFL) et des Forces navales fran\u00e7aises libres (FNFL)<\/em> symbolisent l\u2019appel du 18 juin 1940 et le combat pour la lib\u00e9ration.<\/li>\n\n\n\n<li>Un insigne \u00e9voque la mission de de Gaulle en Pologne (1919-1920) en tant qu\u2019instructeur militaire.<\/li>\n\n\n\n<li>Un autre appartenait \u00e0 Yvonne de Gaulle, marraine du c\u00e9l\u00e8bre char <em>Redoutable<\/em>, que le g\u00e9n\u00e9ral consid\u00e9rait comme un symbole de courage.<\/li>\n<\/ul>\n\n\n\n<p class=\"wp-block-paragraph\">Ces pi\u00e8ces rejoindront bient\u00f4t les salles des Invalides consacr\u00e9es aux deux guerres mondiales, enrichissant ainsi le parcours historique et perp\u00e9tuant l\u2019h\u00e9ritage du g\u00e9n\u00e9ral de Gaulle.<\/p>\n\n\n\n<figure class=\"wp-block-gallery has-nested-images columns-5 is-cropped wp-block-gallery-1 is-layout-flex wp-block-gallery-is-layout-flex\">\n<figure class=\"wp-block-image size-large\"><img fetchpriority=\"high\" decoding=\"async\" width=\"700\" height=\"700\" data-id=\"2158\" src=\"https:\/\/www.fondation-minou-amir-aslani.com\/wp-content\/uploads\/2025\/01\/GDG_INSIGNE-1-DES-FORCES-FRANCAISES-LIBRES_Artcurial-Paris.png\" alt=\"\" class=\"wp-image-2158\" srcset=\"https:\/\/www.fondation-minou-amir-aslani.com\/wp-content\/uploads\/2025\/01\/GDG_INSIGNE-1-DES-FORCES-FRANCAISES-LIBRES_Artcurial-Paris.png 700w, https:\/\/www.fondation-minou-amir-aslani.com\/wp-content\/uploads\/2025\/01\/GDG_INSIGNE-1-DES-FORCES-FRANCAISES-LIBRES_Artcurial-Paris-300x300.png 300w, https:\/\/www.fondation-minou-amir-aslani.com\/wp-content\/uploads\/2025\/01\/GDG_INSIGNE-1-DES-FORCES-FRANCAISES-LIBRES_Artcurial-Paris-150x150.png 150w, https:\/\/www.fondation-minou-amir-aslani.com\/wp-content\/uploads\/2025\/01\/GDG_INSIGNE-1-DES-FORCES-FRANCAISES-LIBRES_Artcurial-Paris-12x12.png 12w\" sizes=\"(max-width: 700px) 100vw, 700px\" \/><figcaption class=\"wp-element-caption\">Insigne des Forces fran\u00e7aises libres (FFL), \u00a9Artcurial Paris <\/figcaption><\/figure>\n\n\n\n<figure class=\"wp-block-image size-large\"><img decoding=\"async\" width=\"700\" height=\"700\" data-id=\"2159\" src=\"https:\/\/www.fondation-minou-amir-aslani.com\/wp-content\/uploads\/2025\/01\/GDG_INSIGNE-2-DES-FORCES-FRANCAISES-LIBRES_Artcurial-Paris.png\" alt=\"\" class=\"wp-image-2159\" srcset=\"https:\/\/www.fondation-minou-amir-aslani.com\/wp-content\/uploads\/2025\/01\/GDG_INSIGNE-2-DES-FORCES-FRANCAISES-LIBRES_Artcurial-Paris.png 700w, https:\/\/www.fondation-minou-amir-aslani.com\/wp-content\/uploads\/2025\/01\/GDG_INSIGNE-2-DES-FORCES-FRANCAISES-LIBRES_Artcurial-Paris-300x300.png 300w, https:\/\/www.fondation-minou-amir-aslani.com\/wp-content\/uploads\/2025\/01\/GDG_INSIGNE-2-DES-FORCES-FRANCAISES-LIBRES_Artcurial-Paris-150x150.png 150w, https:\/\/www.fondation-minou-amir-aslani.com\/wp-content\/uploads\/2025\/01\/GDG_INSIGNE-2-DES-FORCES-FRANCAISES-LIBRES_Artcurial-Paris-12x12.png 12w\" sizes=\"(max-width: 700px) 100vw, 700px\" \/><figcaption class=\"wp-element-caption\">Insigne des Forces navales fran\u00e7aises libres (FNFL) \u00e0 la croix de Lorraine, \u00a9Artcurial Paris<\/figcaption><\/figure>\n\n\n\n<figure class=\"wp-block-image size-large\"><img decoding=\"async\" width=\"700\" height=\"875\" data-id=\"2160\" src=\"https:\/\/www.fondation-minou-amir-aslani.com\/wp-content\/uploads\/2025\/01\/INSIGN1.png\" alt=\"\" class=\"wp-image-2160\" srcset=\"https:\/\/www.fondation-minou-amir-aslani.com\/wp-content\/uploads\/2025\/01\/INSIGN1.png 700w, https:\/\/www.fondation-minou-amir-aslani.com\/wp-content\/uploads\/2025\/01\/INSIGN1-240x300.png 240w, https:\/\/www.fondation-minou-amir-aslani.com\/wp-content\/uploads\/2025\/01\/INSIGN1-10x12.png 10w\" sizes=\"(max-width: 700px) 100vw, 700px\" \/><figcaption class=\"wp-element-caption\">Insigne de la mission fran\u00e7aise en Pologne aupr\u00e8s de l&rsquo;arm\u00e9e du g\u00e9n\u00e9ral Haller, \u00a9 Artcurial Paris<\/figcaption><\/figure>\n\n\n\n<figure class=\"wp-block-image size-large\"><img loading=\"lazy\" decoding=\"async\" width=\"669\" height=\"1024\" data-id=\"2161\" src=\"https:\/\/www.fondation-minou-amir-aslani.com\/wp-content\/uploads\/2025\/01\/INSIGN2-669x1024.png\" alt=\"\" class=\"wp-image-2161\" srcset=\"https:\/\/www.fondation-minou-amir-aslani.com\/wp-content\/uploads\/2025\/01\/INSIGN2-669x1024.png 669w, https:\/\/www.fondation-minou-amir-aslani.com\/wp-content\/uploads\/2025\/01\/INSIGN2-196x300.png 196w, https:\/\/www.fondation-minou-amir-aslani.com\/wp-content\/uploads\/2025\/01\/INSIGN2-8x12.png 8w, https:\/\/www.fondation-minou-amir-aslani.com\/wp-content\/uploads\/2025\/01\/INSIGN2.png 700w\" sizes=\"(max-width: 669px) 100vw, 669px\" \/><figcaption class=\"wp-element-caption\">Insigne ayant appartenu \u00e0 Yvonne de Gaulle  en tant que marraine  du char \u00ab\u00a0Le Redoutable\u00a0\u00bb, \u00a9 Artcurial Paris<\/figcaption><\/figure>\n<\/figure>\n\n\n\n<p class=\"wp-block-paragraph\"><\/p>\n\n\n\n<p class=\"wp-block-paragraph\"><strong>Un engagement pour la transmission des valeurs<\/strong><\/p>\n\n\n\n<p class=\"wp-block-paragraph\">La Fondation Minou Amir-Aslani, fid\u00e8le \u00e0 sa mission de soutenir les grandes institutions culturelles et historiques, poursuit ainsi son engagement pour la transmission des savoirs et des valeurs patriotiques. En participant \u00e0 cette acquisition, la Fondation r\u00e9affirme son r\u00f4le de passerelle entre m\u00e9moire et avenir,en \u00e9cho \u00e0 l\u2019h\u00e9ritage de Minou Amir-Aslani, dont la passion pour l\u2019Histoire et la transmission continue d\u2019inspirer ses actions.<\/p>\n\n\n\n<p class=\"wp-block-paragraph\">Ces insignes, symboles d\u2019un destin hors du commun, rappellent la puissance du souvenir et l\u2019importance de transmettre aux g\u00e9n\u00e9rations futures des r\u00e9cits porteurs de sens. La Fondation est fi\u00e8re de contribuer \u00e0 la pr\u00e9servation et au partage de ce patrimoine national.<\/p>\n\n\n\n<figure class=\"wp-block-gallery has-nested-images columns-default is-cropped wp-block-gallery-2 is-layout-flex wp-block-gallery-is-layout-flex\">\n<figure class=\"wp-block-image size-large\"><img loading=\"lazy\" decoding=\"async\" width=\"758\" height=\"568\" data-id=\"2165\" src=\"https:\/\/www.fondation-minou-amir-aslani.com\/wp-content\/uploads\/2025\/01\/LAPPEL1.jpg\" alt=\"\" class=\"wp-image-2165\" srcset=\"https:\/\/www.fondation-minou-amir-aslani.com\/wp-content\/uploads\/2025\/01\/LAPPEL1.jpg 758w, https:\/\/www.fondation-minou-amir-aslani.com\/wp-content\/uploads\/2025\/01\/LAPPEL1-300x225.jpg 300w, https:\/\/www.fondation-minou-amir-aslani.com\/wp-content\/uploads\/2025\/01\/LAPPEL1-16x12.jpg 16w\" sizes=\"(max-width: 758px) 100vw, 758px\" \/><figcaption class=\"wp-element-caption\">L\u2019appel du 18 juin pr\u00e9sent\u00e9 dans les salles 1939-1945 \u00a9 Paris &#8211; Mus\u00e9e de l\u2019Arm\u00e9e, Dist. GrandPalaisRmn  Pascal Segrette<\/figcaption><\/figure>\n\n\n\n<figure class=\"wp-block-image size-large\"><img loading=\"lazy\" decoding=\"async\" width=\"1024\" height=\"741\" data-id=\"2164\" src=\"https:\/\/www.fondation-minou-amir-aslani.com\/wp-content\/uploads\/2025\/01\/Le-president-de-la-Republique-Albert-Lebrun-passe-en-revue-les-chars-du-507e-RCC-commande-par-le-colonel-de-Gaulle-Goetzebruck-Moselle-le-23-octobre-1939-\u00a9-ECPAD-1024x741.png\" alt=\"\" class=\"wp-image-2164\" srcset=\"https:\/\/www.fondation-minou-amir-aslani.com\/wp-content\/uploads\/2025\/01\/Le-president-de-la-Republique-Albert-Lebrun-passe-en-revue-les-chars-du-507e-RCC-commande-par-le-colonel-de-Gaulle-Goetzebruck-Moselle-le-23-octobre-1939-\u00a9-ECPAD-1024x741.png 1024w, https:\/\/www.fondation-minou-amir-aslani.com\/wp-content\/uploads\/2025\/01\/Le-president-de-la-Republique-Albert-Lebrun-passe-en-revue-les-chars-du-507e-RCC-commande-par-le-colonel-de-Gaulle-Goetzebruck-Moselle-le-23-octobre-1939-\u00a9-ECPAD-300x217.png 300w, https:\/\/www.fondation-minou-amir-aslani.com\/wp-content\/uploads\/2025\/01\/Le-president-de-la-Republique-Albert-Lebrun-passe-en-revue-les-chars-du-507e-RCC-commande-par-le-colonel-de-Gaulle-Goetzebruck-Moselle-le-23-octobre-1939-\u00a9-ECPAD-768x556.png 768w, https:\/\/www.fondation-minou-amir-aslani.com\/wp-content\/uploads\/2025\/01\/Le-president-de-la-Republique-Albert-Lebrun-passe-en-revue-les-chars-du-507e-RCC-commande-par-le-colonel-de-Gaulle-Goetzebruck-Moselle-le-23-octobre-1939-\u00a9-ECPAD-1536x1112.png 1536w, https:\/\/www.fondation-minou-amir-aslani.com\/wp-content\/uploads\/2025\/01\/Le-president-de-la-Republique-Albert-Lebrun-passe-en-revue-les-chars-du-507e-RCC-commande-par-le-colonel-de-Gaulle-Goetzebruck-Moselle-le-23-octobre-1939-\u00a9-ECPAD-2048x1482.png 2048w, https:\/\/www.fondation-minou-amir-aslani.com\/wp-content\/uploads\/2025\/01\/Le-president-de-la-Republique-Albert-Lebrun-passe-en-revue-les-chars-du-507e-RCC-commande-par-le-colonel-de-Gaulle-Goetzebruck-Moselle-le-23-octobre-1939-\u00a9-ECPAD-18x12.png 18w\" sizes=\"(max-width: 1024px) 100vw, 1024px\" \/><figcaption class=\"wp-element-caption\">Le pr\u00e9sident de la R\u00e9publique Albert Lebrun passe en revue les chars du 507e RCC command\u00e9 par le colonel de Gaulle, Goetzebruck (Moselle), le 23 octobre 1939 \u00a9 ECPAD<\/figcaption><\/figure>\n<\/figure>\n\n\n\n<p class=\"wp-block-paragraph\"><\/p>","protected":false},"excerpt":{"rendered":"<p>Le 16 d\u00e9cembre 2024, lors d&rsquo;une vente organis\u00e9e par la maison Artcurial, le mus\u00e9e de l&rsquo;Arm\u00e9e a enrichi ses collections d\u2019objets historiques embl\u00e9matiques : quatre insignes ayant appartenu au g\u00e9n\u00e9ral Charles de Gaulle. Cette acquisition embl\u00e9matique a pu \u00eatre r\u00e9alis\u00e9e gr\u00e2ce au soutien de partenaires engag\u00e9s, parmi lesquels la Fondation Minou Amir-Aslani, en hommage \u00e0 [&hellip;]<\/p>\n","protected":false},"author":3,"featured_media":2157,"comment_status":"closed","ping_status":"","sticky":false,"template":"","format":"standard","meta":{"_crdt_document":"","site-sidebar-layout":"default","site-content-layout":"","ast-site-content-layout":"default","site-content-style":"default","site-sidebar-style":"default","ast-global-header-display":"","ast-banner-title-visibility":"","ast-main-header-display":"","ast-hfb-above-header-display":"","ast-hfb-below-header-display":"","ast-hfb-mobile-header-display":"","site-post-title":"","ast-breadcrumbs-content":"","ast-featured-img":"","footer-sml-layout":"","theme-transparent-header-meta":"","adv-header-id-meta":"","stick-header-meta":"","header-above-stick-meta":"","header-main-stick-meta":"","header-below-stick-meta":"","astra-migrate-meta-layouts":"set","ast-page-background-enabled":"default","ast-page-background-meta":{"desktop":{"background-color":"var(--ast-global-color-4)","background-image":"","background-repeat":"repeat","background-position":"center center","background-size":"auto","background-attachment":"scroll","background-type":"","background-media":"","overlay-type":"","overlay-color":"","overlay-gradient":""},"tablet":{"background-color":"","background-image":"","background-repeat":"repeat","background-position":"center center","background-size":"auto","background-attachment":"scroll","background-type":"","background-media":"","overlay-type":"","overlay-color":"","overlay-gradient":""},"mobile":{"background-color":"","background-image":"","background-repeat":"repeat","background-position":"center center","background-size":"auto","background-attachment":"scroll","background-type":"","background-media":"","overlay-type":"","overlay-color":"","overlay-gradient":""}},"ast-content-background-meta":{"desktop":{"background-color":"var(--ast-global-color-5)","background-image":"","background-repeat":"repeat","background-position":"center center","background-size":"auto","background-attachment":"scroll","background-type":"","background-media":"","overlay-type":"","overlay-color":"","overlay-gradient":""},"tablet":{"background-color":"var(--ast-global-color-5)","background-image":"","background-repeat":"repeat","background-position":"center center","background-size":"auto","background-attachment":"scroll","background-type":"","background-media":"","overlay-type":"","overlay-color":"","overlay-gradient":""},"mobile":{"background-color":"var(--ast-global-color-5)","background-image":"","background-repeat":"repeat","background-position":"center center","background-size":"auto","background-attachment":"scroll","background-type":"","background-media":"","overlay-type":"","overlay-color":"","overlay-gradient":""}},"footnotes":""},"categories":[4],"tags":[15,31,28,33,32,19,21],"class_list":["post-2156","post","type-post","status-publish","format-standard","has-post-thumbnail","hentry","category-actualites","tag-fondation-minou-amir-aslani","tag-general-charles-de-gaulle","tag-histoire","tag-insignes","tag-musee-de-larmee","tag-patrimoine","tag-transmission"],"_links":{"self":[{"href":"https:\/\/www.fondation-minou-amir-aslani.com\/en\/wp-json\/wp\/v2\/posts\/2156","targetHints":{"allow":["GET"]}}],"collection":[{"href":"https:\/\/www.fondation-minou-amir-aslani.com\/en\/wp-json\/wp\/v2\/posts"}],"about":[{"href":"https:\/\/www.fondation-minou-amir-aslani.com\/en\/wp-json\/wp\/v2\/types\/post"}],"author":[{"embeddable":true,"href":"https:\/\/www.fondation-minou-amir-aslani.com\/en\/wp-json\/wp\/v2\/users\/3"}],"replies":[{"embeddable":true,"href":"https:\/\/www.fondation-minou-amir-aslani.com\/en\/wp-json\/wp\/v2\/comments?post=2156"}],"version-history":[{"count":3,"href":"https:\/\/www.fondation-minou-amir-aslani.com\/en\/wp-json\/wp\/v2\/posts\/2156\/revisions"}],"predecessor-version":[{"id":2167,"href":"https:\/\/www.fondation-minou-amir-aslani.com\/en\/wp-json\/wp\/v2\/posts\/2156\/revisions\/2167"}],"wp:featuredmedia":[{"embeddable":true,"href":"https:\/\/www.fondation-minou-amir-aslani.com\/en\/wp-json\/wp\/v2\/media\/2157"}],"wp:attachment":[{"href":"https:\/\/www.fondation-minou-amir-aslani.com\/en\/wp-json\/wp\/v2\/media?parent=2156"}],"wp:term":[{"taxonomy":"category","embeddable":true,"href":"https:\/\/www.fondation-minou-amir-aslani.com\/en\/wp-json\/wp\/v2\/categories?post=2156"},{"taxonomy":"post_tag","embeddable":true,"href":"https:\/\/www.fondation-minou-amir-aslani.com\/en\/wp-json\/wp\/v2\/tags?post=2156"}],"curies":[{"name":"wp","href":"https:\/\/api.w.org\/{rel}","templated":true}]}}