{"id":2148,"date":"2024-12-24T09:44:07","date_gmt":"2024-12-24T08:44:07","guid":{"rendered":"https:\/\/www.fondation-minou-amir-aslani.com\/?p=2148"},"modified":"2024-12-24T09:44:07","modified_gmt":"2024-12-24T08:44:07","slug":"en-coulisses-de-la-restauration-de-laigle-imperial-de-lisieux","status":"publish","type":"post","link":"https:\/\/www.fondation-minou-amir-aslani.com\/en\/en-coulisses-de-la-restauration-de-laigle-imperial-de-lisieux\/","title":{"rendered":"En coulisses de la restauration de l\u2019Aigle imp\u00e9rial de Lisieux"},"content":{"rendered":"<p class=\"wp-block-paragraph\"><strong>En cette fin d\u2019ann\u00e9e, la Fondation Minou Amir-Aslani revient sur un moment marquant : la visite des ateliers de restauration du Mus\u00e9e de l\u2019Arm\u00e9e pour d\u00e9couvrir l\u2019avanc\u00e9e des travaux sur l\u2019Aigle imp\u00e9rial de Lisieux. Cette \u0153uvre embl\u00e9matique, symbole du \u00ab\u00a0Retour des Cendres\u00a0\u00bb de Napol\u00e9on Ier, fait actuellement l\u2019objet d\u2019une restauration minutieuse gr\u00e2ce au soutien de la Fondation.<\/strong><\/p>\n\n\n\n<p class=\"wp-block-paragraph\"><strong>Une \u0153uvre au c\u0153ur de l\u2019Histoire<\/strong><\/p>\n\n\n\n<p class=\"wp-block-paragraph\">L\u2019Aigle imp\u00e9rial, attribu\u00e9 \u00e0 Jean-Charles Langlois, peintre et capitaine de l\u2019Empire, incarne un double h\u00e9ritage : celui des grandes c\u00e9r\u00e9monies imp\u00e9riales et celui d\u2019une \u00e9poque marqu\u00e9e par la qu\u00eate de gloire et de m\u00e9moire. D\u00e9couvert en 2020 dans le prieur\u00e9 de Saint-Hymer, cette sculpture, en bois dor\u00e9, aurait orn\u00e9 le catafalque utilis\u00e9 lors de la c\u00e9r\u00e9monie du retour des cendres de Napol\u00e9on aux Invalides en 1840. Restaur\u00e9 gr\u00e2ce au soutien de la Fondation Minou Amir-Aslani, cet aigle s\u2019appr\u00eate \u00e0 reprendre place au sein des collections du Mus\u00e9e de l\u2019Arm\u00e9e, enrichissant ainsi le patrimoine napol\u00e9onien conserv\u00e9 aux Invalides.<\/p>\n\n\n\n<p class=\"wp-block-paragraph\"><strong>Un projet collectif port\u00e9 par la passion<\/strong><\/p>\n\n\n\n<p class=\"wp-block-paragraph\">La visite fut l\u2019occasion d\u2019un \u00e9change enrichissant avec les restaurateurs, le G\u00e9n\u00e9ral de corps d\u2019arm\u00e9e Yann Grav\u00eathe, directeur du Mus\u00e9e de l\u2019Arm\u00e9e, Guillaume Dinkel et Constance Peretti, responsables du m\u00e9c\u00e9nat, ainsi que d\u2019autres membres de l\u2019\u00e9quipe du Mus\u00e9e et des ateliers. Chacun a pu partager son expertise et son enthousiasme pour ce projet d\u2019exception. Cet esprit collectif t\u00e9moigne de l\u2019engagement partag\u00e9 \u00e0 pr\u00e9server ce patrimoine historique unique.<\/p>\n\n\n\n<p class=\"wp-block-paragraph\"><strong>Perspectives 2025<\/strong><\/p>\n\n\n\n<p class=\"wp-block-paragraph\">La restauration de l\u2019Aigle imp\u00e9rial touche \u00e0 sa fin, et une c\u00e9r\u00e9monie de r\u00e9ception officielle sera organis\u00e9e en 2025 pour c\u00e9l\u00e9brer son retour aux Invalides. La Fondation Minou Amir-Aslani est fi\u00e8re de contribuer \u00e0 la pr\u00e9servation de cette \u0153uvre, symbole \u00e0 la fois de l\u2019Histoire et des valeurs de transmission et de m\u00e9moire que la Fondation s\u2019attache \u00e0 promouvoir.<\/p>\n\n\n\n<figure class=\"wp-block-image size-large\"><img fetchpriority=\"high\" decoding=\"async\" width=\"1024\" height=\"576\" src=\"https:\/\/www.fondation-minou-amir-aslani.com\/wp-content\/uploads\/2024\/12\/IMG-20240903-WA0008-1024x576.jpg\" alt=\"\" class=\"wp-image-2151\" srcset=\"https:\/\/www.fondation-minou-amir-aslani.com\/wp-content\/uploads\/2024\/12\/IMG-20240903-WA0008-1024x576.jpg 1024w, https:\/\/www.fondation-minou-amir-aslani.com\/wp-content\/uploads\/2024\/12\/IMG-20240903-WA0008-300x169.jpg 300w, https:\/\/www.fondation-minou-amir-aslani.com\/wp-content\/uploads\/2024\/12\/IMG-20240903-WA0008-768x432.jpg 768w, https:\/\/www.fondation-minou-amir-aslani.com\/wp-content\/uploads\/2024\/12\/IMG-20240903-WA0008-1536x864.jpg 1536w, https:\/\/www.fondation-minou-amir-aslani.com\/wp-content\/uploads\/2024\/12\/IMG-20240903-WA0008-18x10.jpg 18w, https:\/\/www.fondation-minou-amir-aslani.com\/wp-content\/uploads\/2024\/12\/IMG-20240903-WA0008.jpg 1600w\" sizes=\"(max-width: 1024px) 100vw, 1024px\" \/><\/figure>\n\n\n\n<figure class=\"wp-block-image size-large\"><img decoding=\"async\" width=\"1002\" height=\"1024\" src=\"https:\/\/www.fondation-minou-amir-aslani.com\/wp-content\/uploads\/2024\/12\/IMG_20240904_113819-1002x1024.jpg\" alt=\"\" class=\"wp-image-2150\" srcset=\"https:\/\/www.fondation-minou-amir-aslani.com\/wp-content\/uploads\/2024\/12\/IMG_20240904_113819-1002x1024.jpg 1002w, https:\/\/www.fondation-minou-amir-aslani.com\/wp-content\/uploads\/2024\/12\/IMG_20240904_113819-294x300.jpg 294w, https:\/\/www.fondation-minou-amir-aslani.com\/wp-content\/uploads\/2024\/12\/IMG_20240904_113819-768x785.jpg 768w, https:\/\/www.fondation-minou-amir-aslani.com\/wp-content\/uploads\/2024\/12\/IMG_20240904_113819-1503x1536.jpg 1503w, https:\/\/www.fondation-minou-amir-aslani.com\/wp-content\/uploads\/2024\/12\/IMG_20240904_113819-2004x2048.jpg 2004w, https:\/\/www.fondation-minou-amir-aslani.com\/wp-content\/uploads\/2024\/12\/IMG_20240904_113819-12x12.jpg 12w\" sizes=\"(max-width: 1002px) 100vw, 1002px\" \/><\/figure>","protected":false},"excerpt":{"rendered":"<p>En cette fin d\u2019ann\u00e9e, la Fondation Minou Amir-Aslani revient sur un moment marquant : la visite des ateliers de restauration du Mus\u00e9e de l\u2019Arm\u00e9e pour d\u00e9couvrir l\u2019avanc\u00e9e des travaux sur l\u2019Aigle imp\u00e9rial de Lisieux. Cette \u0153uvre embl\u00e9matique, symbole du \u00ab\u00a0Retour des Cendres\u00a0\u00bb de Napol\u00e9on Ier, fait actuellement l\u2019objet d\u2019une restauration minutieuse gr\u00e2ce au soutien de [&hellip;]<\/p>\n","protected":false},"author":3,"featured_media":2149,"comment_status":"closed","ping_status":"","sticky":false,"template":"","format":"standard","meta":{"_crdt_document":"","site-sidebar-layout":"default","site-content-layout":"","ast-site-content-layout":"default","site-content-style":"default","site-sidebar-style":"default","ast-global-header-display":"","ast-banner-title-visibility":"","ast-main-header-display":"","ast-hfb-above-header-display":"","ast-hfb-below-header-display":"","ast-hfb-mobile-header-display":"","site-post-title":"","ast-breadcrumbs-content":"","ast-featured-img":"","footer-sml-layout":"","theme-transparent-header-meta":"","adv-header-id-meta":"","stick-header-meta":"","header-above-stick-meta":"","header-main-stick-meta":"","header-below-stick-meta":"","astra-migrate-meta-layouts":"set","ast-page-background-enabled":"default","ast-page-background-meta":{"desktop":{"background-color":"var(--ast-global-color-4)","background-image":"","background-repeat":"repeat","background-position":"center center","background-size":"auto","background-attachment":"scroll","background-type":"","background-media":"","overlay-type":"","overlay-color":"","overlay-gradient":""},"tablet":{"background-color":"","background-image":"","background-repeat":"repeat","background-position":"center center","background-size":"auto","background-attachment":"scroll","background-type":"","background-media":"","overlay-type":"","overlay-color":"","overlay-gradient":""},"mobile":{"background-color":"","background-image":"","background-repeat":"repeat","background-position":"center center","background-size":"auto","background-attachment":"scroll","background-type":"","background-media":"","overlay-type":"","overlay-color":"","overlay-gradient":""}},"ast-content-background-meta":{"desktop":{"background-color":"var(--ast-global-color-5)","background-image":"","background-repeat":"repeat","background-position":"center center","background-size":"auto","background-attachment":"scroll","background-type":"","background-media":"","overlay-type":"","overlay-color":"","overlay-gradient":""},"tablet":{"background-color":"var(--ast-global-color-5)","background-image":"","background-repeat":"repeat","background-position":"center center","background-size":"auto","background-attachment":"scroll","background-type":"","background-media":"","overlay-type":"","overlay-color":"","overlay-gradient":""},"mobile":{"background-color":"var(--ast-global-color-5)","background-image":"","background-repeat":"repeat","background-position":"center center","background-size":"auto","background-attachment":"scroll","background-type":"","background-media":"","overlay-type":"","overlay-color":"","overlay-gradient":""}},"footnotes":""},"categories":[4],"tags":[27,15,28,30,29,19,26],"class_list":["post-2148","post","type-post","status-publish","format-standard","has-post-thumbnail","hentry","category-actualites","tag-aigle-de-lisieux","tag-fondation-minou-amir-aslani","tag-histoire","tag-musee-de-larmee-invalides","tag-napoleon","tag-patrimoine","tag-restauration"],"_links":{"self":[{"href":"https:\/\/www.fondation-minou-amir-aslani.com\/en\/wp-json\/wp\/v2\/posts\/2148","targetHints":{"allow":["GET"]}}],"collection":[{"href":"https:\/\/www.fondation-minou-amir-aslani.com\/en\/wp-json\/wp\/v2\/posts"}],"about":[{"href":"https:\/\/www.fondation-minou-amir-aslani.com\/en\/wp-json\/wp\/v2\/types\/post"}],"author":[{"embeddable":true,"href":"https:\/\/www.fondation-minou-amir-aslani.com\/en\/wp-json\/wp\/v2\/users\/3"}],"replies":[{"embeddable":true,"href":"https:\/\/www.fondation-minou-amir-aslani.com\/en\/wp-json\/wp\/v2\/comments?post=2148"}],"version-history":[{"count":1,"href":"https:\/\/www.fondation-minou-amir-aslani.com\/en\/wp-json\/wp\/v2\/posts\/2148\/revisions"}],"predecessor-version":[{"id":2152,"href":"https:\/\/www.fondation-minou-amir-aslani.com\/en\/wp-json\/wp\/v2\/posts\/2148\/revisions\/2152"}],"wp:featuredmedia":[{"embeddable":true,"href":"https:\/\/www.fondation-minou-amir-aslani.com\/en\/wp-json\/wp\/v2\/media\/2149"}],"wp:attachment":[{"href":"https:\/\/www.fondation-minou-amir-aslani.com\/en\/wp-json\/wp\/v2\/media?parent=2148"}],"wp:term":[{"taxonomy":"category","embeddable":true,"href":"https:\/\/www.fondation-minou-amir-aslani.com\/en\/wp-json\/wp\/v2\/categories?post=2148"},{"taxonomy":"post_tag","embeddable":true,"href":"https:\/\/www.fondation-minou-amir-aslani.com\/en\/wp-json\/wp\/v2\/tags?post=2148"}],"curies":[{"name":"wp","href":"https:\/\/api.w.org\/{rel}","templated":true}]}}