{"id":2032,"date":"2024-12-20T10:21:45","date_gmt":"2024-12-20T09:21:45","guid":{"rendered":"https:\/\/www.fondation-minou-amir-aslani.com\/?p=2032"},"modified":"2024-12-20T10:21:45","modified_gmt":"2024-12-20T09:21:45","slug":"un-dejeuner-au-service-de-la-musique-et-de-lexcellence","status":"publish","type":"post","link":"https:\/\/www.fondation-minou-amir-aslani.com\/en\/un-dejeuner-au-service-de-la-musique-et-de-lexcellence\/","title":{"rendered":"Un d\u00e9jeuner au service de la musique et de l\u2019excellence"},"content":{"rendered":"<p class=\"wp-block-paragraph\">Le jeudi 19 d\u00e9cembre 2024, Ma\u00eetre Ardavan Amir-Aslani a eu l\u2019honneur de recevoir Alma Faverjon, Responsable du m\u00e9c\u00e9nat et du d\u00e9veloppement international de l\u2019\u00c9cole Normale de Musique de Paris (ENMP), ainsi qu\u2019\u00c9douard Charri\u00e8re et Chengyi Chen, laur\u00e9ats 2024 de la bourse Minou Amir-Aslani, pour un d\u00e9jeuner plac\u00e9 sous le signe du partage et de l\u2019inspiration.<\/p>\n\n\n\n<p class=\"wp-block-paragraph\">Cette rencontre a permis de mettre en lumi\u00e8re l\u2019impact concret de cette bourse dans la vie de jeunes musiciens talentueux. \u00c9douard Charri\u00e8re, \u00e9tudiant en Artist Diploma, a notamment exprim\u00e9 combien ce soutien lui est pr\u00e9cieux pour poursuivre ses \u00e9tudes et concr\u00e9tiser ses projets artistiques.<\/p>\n\n\n\n<p class=\"wp-block-paragraph\">Depuis 2019, la bourse Minou Amir-Aslani refl\u00e8te l\u2019engagement de la Fondation en faveur de la transmission des savoirs et de l\u2019excellence dans la musique classique, en hommage \u00e0 la passion de Minou Amir-Aslani pour cet art.<\/p>\n\n\n\n<p class=\"wp-block-paragraph\"><\/p>","protected":false},"excerpt":{"rendered":"<p>Le jeudi 19 d\u00e9cembre 2024, Ma\u00eetre Ardavan Amir-Aslani a eu l\u2019honneur de recevoir Alma Faverjon, Responsable du m\u00e9c\u00e9nat et du d\u00e9veloppement international de l\u2019\u00c9cole Normale de Musique de Paris (ENMP), ainsi qu\u2019\u00c9douard Charri\u00e8re et Chengyi Chen, laur\u00e9ats 2024 de la bourse Minou Amir-Aslani, pour un d\u00e9jeuner plac\u00e9 sous le signe du partage et de l\u2019inspiration. [&hellip;]<\/p>\n","protected":false},"author":3,"featured_media":2033,"comment_status":"closed","ping_status":"","sticky":false,"template":"","format":"standard","meta":{"_crdt_document":"","site-sidebar-layout":"default","site-content-layout":"","ast-site-content-layout":"default","site-content-style":"default","site-sidebar-style":"default","ast-global-header-display":"","ast-banner-title-visibility":"","ast-main-header-display":"","ast-hfb-above-header-display":"","ast-hfb-below-header-display":"","ast-hfb-mobile-header-display":"","site-post-title":"","ast-breadcrumbs-content":"","ast-featured-img":"","footer-sml-layout":"","theme-transparent-header-meta":"","adv-header-id-meta":"","stick-header-meta":"","header-above-stick-meta":"","header-main-stick-meta":"","header-below-stick-meta":"","astra-migrate-meta-layouts":"set","ast-page-background-enabled":"default","ast-page-background-meta":{"desktop":{"background-color":"var(--ast-global-color-4)","background-image":"","background-repeat":"repeat","background-position":"center center","background-size":"auto","background-attachment":"scroll","background-type":"","background-media":"","overlay-type":"","overlay-color":"","overlay-gradient":""},"tablet":{"background-color":"","background-image":"","background-repeat":"repeat","background-position":"center center","background-size":"auto","background-attachment":"scroll","background-type":"","background-media":"","overlay-type":"","overlay-color":"","overlay-gradient":""},"mobile":{"background-color":"","background-image":"","background-repeat":"repeat","background-position":"center center","background-size":"auto","background-attachment":"scroll","background-type":"","background-media":"","overlay-type":"","overlay-color":"","overlay-gradient":""}},"ast-content-background-meta":{"desktop":{"background-color":"var(--ast-global-color-5)","background-image":"","background-repeat":"repeat","background-position":"center center","background-size":"auto","background-attachment":"scroll","background-type":"","background-media":"","overlay-type":"","overlay-color":"","overlay-gradient":""},"tablet":{"background-color":"var(--ast-global-color-5)","background-image":"","background-repeat":"repeat","background-position":"center center","background-size":"auto","background-attachment":"scroll","background-type":"","background-media":"","overlay-type":"","overlay-color":"","overlay-gradient":""},"mobile":{"background-color":"var(--ast-global-color-5)","background-image":"","background-repeat":"repeat","background-position":"center center","background-size":"auto","background-attachment":"scroll","background-type":"","background-media":"","overlay-type":"","overlay-color":"","overlay-gradient":""}},"footnotes":""},"categories":[4],"tags":[24,16,15,25,21],"class_list":["post-2032","post","type-post","status-publish","format-standard","has-post-thumbnail","hentry","category-actualites","tag-ecole-normale-de-musique-de-paris","tag-education","tag-fondation-minou-amir-aslani","tag-musique","tag-transmission"],"_links":{"self":[{"href":"https:\/\/www.fondation-minou-amir-aslani.com\/en\/wp-json\/wp\/v2\/posts\/2032","targetHints":{"allow":["GET"]}}],"collection":[{"href":"https:\/\/www.fondation-minou-amir-aslani.com\/en\/wp-json\/wp\/v2\/posts"}],"about":[{"href":"https:\/\/www.fondation-minou-amir-aslani.com\/en\/wp-json\/wp\/v2\/types\/post"}],"author":[{"embeddable":true,"href":"https:\/\/www.fondation-minou-amir-aslani.com\/en\/wp-json\/wp\/v2\/users\/3"}],"replies":[{"embeddable":true,"href":"https:\/\/www.fondation-minou-amir-aslani.com\/en\/wp-json\/wp\/v2\/comments?post=2032"}],"version-history":[{"count":1,"href":"https:\/\/www.fondation-minou-amir-aslani.com\/en\/wp-json\/wp\/v2\/posts\/2032\/revisions"}],"predecessor-version":[{"id":2034,"href":"https:\/\/www.fondation-minou-amir-aslani.com\/en\/wp-json\/wp\/v2\/posts\/2032\/revisions\/2034"}],"wp:featuredmedia":[{"embeddable":true,"href":"https:\/\/www.fondation-minou-amir-aslani.com\/en\/wp-json\/wp\/v2\/media\/2033"}],"wp:attachment":[{"href":"https:\/\/www.fondation-minou-amir-aslani.com\/en\/wp-json\/wp\/v2\/media?parent=2032"}],"wp:term":[{"taxonomy":"category","embeddable":true,"href":"https:\/\/www.fondation-minou-amir-aslani.com\/en\/wp-json\/wp\/v2\/categories?post=2032"},{"taxonomy":"post_tag","embeddable":true,"href":"https:\/\/www.fondation-minou-amir-aslani.com\/en\/wp-json\/wp\/v2\/tags?post=2032"}],"curies":[{"name":"wp","href":"https:\/\/api.w.org\/{rel}","templated":true}]}}