{"id":2021,"date":"2024-12-17T11:57:18","date_gmt":"2024-12-17T10:57:18","guid":{"rendered":"https:\/\/www.fondation-minou-amir-aslani.com\/?p=2021"},"modified":"2024-12-17T12:00:02","modified_gmt":"2024-12-17T11:00:02","slug":"fondation-napoleon-la-bourse-minou-amir-aslani-distingue-son-12%e1%b5%89-laureat","status":"publish","type":"post","link":"https:\/\/www.fondation-minou-amir-aslani.com\/en\/fondation-napoleon-la-bourse-minou-amir-aslani-distingue-son-12%e1%b5%89-laureat\/","title":{"rendered":"Fondation Napol\u00e9on : la bourse Minou Amir-Aslani distingue son 12\u1d49 laur\u00e9at"},"content":{"rendered":"<p class=\"wp-block-paragraph\">Le mercredi 11 d\u00e9cembre 2024, la bourse Minou Amir-Aslani a \u00e9t\u00e9 remise \u00e0 <strong>Cl\u00e9ment Eoche-Duval<\/strong> lors de la c\u00e9r\u00e9monie annuelle de <strong>Remise des Prix et Bourses de la Fondation Napol\u00e9on<\/strong>, organis\u00e9e dans le cadre prestigieux du <strong>Jockey Club de Paris<\/strong>. Cet \u00e9v\u00e9nement, anim\u00e9 par <strong>Victor-Andr\u00e9 Mass\u00e9na<\/strong>, Prince d\u2019Essling et Pr\u00e9sident de la Fondation Napol\u00e9on, a c\u00e9l\u00e9br\u00e9 l\u2019excellence acad\u00e9mique et la passion pour l\u2019histoire napol\u00e9onienne.<\/p>\n\n\n\n<p class=\"wp-block-paragraph\">Laur\u00e9at de cette \u00e9dition, <strong>Cl\u00e9ment Eoche-Duval<\/strong> a \u00e9t\u00e9 distingu\u00e9 pour son projet de th\u00e8se intitul\u00e9 <em>\u00ab La Garde imp\u00e9riale du Second Empire \u00bb<\/em>. Il devient ainsi le <strong>12\u1d49 laur\u00e9at<\/strong> de cette bourse, dont l\u2019histoire remonte \u00e0 2012, bien avant la cr\u00e9ation officielle de la Fondation Minou Amir-Aslani en 2019. Depuis plus d\u2019une d\u00e9cennie, Ma\u00eetre <strong>Ardavan Amir-Aslani<\/strong> remet cette distinction en hommage \u00e0 sa m\u00e8re, Minou Amir-Aslani, perp\u00e9tuant son attachement profond \u00e0 la culture, \u00e0 l\u2019histoire et \u00e0 la transmission des savoirs.<\/p>\n\n\n\n<p class=\"wp-block-paragraph\">La Fondation Minou Amir-Aslani est fi\u00e8re de s\u2019associer \u00e0 la Fondation Napol\u00e9on pour soutenir la recherche historique et contribuer, par cette bourse, \u00e0 la mise en valeur du patrimoine napol\u00e9onien.<\/p>\n\n\n\n<figure class=\"wp-block-image size-large\"><img fetchpriority=\"high\" decoding=\"async\" width=\"1024\" height=\"683\" src=\"https:\/\/www.fondation-minou-amir-aslani.com\/wp-content\/uploads\/2024\/12\/Remise-des-Prix-et-Bourses-2024-c.-Fondation-Napoleon-Rebecca-Young-4169-1024x683.jpg\" alt=\"\" class=\"wp-image-2025\" srcset=\"https:\/\/www.fondation-minou-amir-aslani.com\/wp-content\/uploads\/2024\/12\/Remise-des-Prix-et-Bourses-2024-c.-Fondation-Napoleon-Rebecca-Young-4169-1024x683.jpg 1024w, https:\/\/www.fondation-minou-amir-aslani.com\/wp-content\/uploads\/2024\/12\/Remise-des-Prix-et-Bourses-2024-c.-Fondation-Napoleon-Rebecca-Young-4169-300x200.jpg 300w, https:\/\/www.fondation-minou-amir-aslani.com\/wp-content\/uploads\/2024\/12\/Remise-des-Prix-et-Bourses-2024-c.-Fondation-Napoleon-Rebecca-Young-4169-768x512.jpg 768w, https:\/\/www.fondation-minou-amir-aslani.com\/wp-content\/uploads\/2024\/12\/Remise-des-Prix-et-Bourses-2024-c.-Fondation-Napoleon-Rebecca-Young-4169-1536x1024.jpg 1536w, https:\/\/www.fondation-minou-amir-aslani.com\/wp-content\/uploads\/2024\/12\/Remise-des-Prix-et-Bourses-2024-c.-Fondation-Napoleon-Rebecca-Young-4169-2048x1365.jpg 2048w, https:\/\/www.fondation-minou-amir-aslani.com\/wp-content\/uploads\/2024\/12\/Remise-des-Prix-et-Bourses-2024-c.-Fondation-Napoleon-Rebecca-Young-4169-18x12.jpg 18w\" sizes=\"(max-width: 1024px) 100vw, 1024px\" \/><\/figure>\n\n\n\n<p class=\"wp-block-paragraph\">\u00a9Fondation Napol\u00e9on Rebecca Young<\/p>","protected":false},"excerpt":{"rendered":"<p>Le mercredi 11 d\u00e9cembre 2024, la bourse Minou Amir-Aslani a \u00e9t\u00e9 remise \u00e0 Cl\u00e9ment Eoche-Duval lors de la c\u00e9r\u00e9monie annuelle de Remise des Prix et Bourses de la Fondation Napol\u00e9on, organis\u00e9e dans le cadre prestigieux du Jockey Club de Paris. Cet \u00e9v\u00e9nement, anim\u00e9 par Victor-Andr\u00e9 Mass\u00e9na, Prince d\u2019Essling et Pr\u00e9sident de la Fondation Napol\u00e9on, a [&hellip;]<\/p>\n","protected":false},"author":3,"featured_media":2023,"comment_status":"closed","ping_status":"","sticky":false,"template":"","format":"standard","meta":{"_crdt_document":"","site-sidebar-layout":"default","site-content-layout":"","ast-site-content-layout":"default","site-content-style":"default","site-sidebar-style":"default","ast-global-header-display":"","ast-banner-title-visibility":"","ast-main-header-display":"","ast-hfb-above-header-display":"","ast-hfb-below-header-display":"","ast-hfb-mobile-header-display":"","site-post-title":"","ast-breadcrumbs-content":"","ast-featured-img":"","footer-sml-layout":"","theme-transparent-header-meta":"","adv-header-id-meta":"","stick-header-meta":"","header-above-stick-meta":"","header-main-stick-meta":"","header-below-stick-meta":"","astra-migrate-meta-layouts":"set","ast-page-background-enabled":"default","ast-page-background-meta":{"desktop":{"background-color":"var(--ast-global-color-4)","background-image":"","background-repeat":"repeat","background-position":"center center","background-size":"auto","background-attachment":"scroll","background-type":"","background-media":"","overlay-type":"","overlay-color":"","overlay-gradient":""},"tablet":{"background-color":"","background-image":"","background-repeat":"repeat","background-position":"center center","background-size":"auto","background-attachment":"scroll","background-type":"","background-media":"","overlay-type":"","overlay-color":"","overlay-gradient":""},"mobile":{"background-color":"","background-image":"","background-repeat":"repeat","background-position":"center center","background-size":"auto","background-attachment":"scroll","background-type":"","background-media":"","overlay-type":"","overlay-color":"","overlay-gradient":""}},"ast-content-background-meta":{"desktop":{"background-color":"var(--ast-global-color-5)","background-image":"","background-repeat":"repeat","background-position":"center center","background-size":"auto","background-attachment":"scroll","background-type":"","background-media":"","overlay-type":"","overlay-color":"","overlay-gradient":""},"tablet":{"background-color":"var(--ast-global-color-5)","background-image":"","background-repeat":"repeat","background-position":"center center","background-size":"auto","background-attachment":"scroll","background-type":"","background-media":"","overlay-type":"","overlay-color":"","overlay-gradient":""},"mobile":{"background-color":"var(--ast-global-color-5)","background-image":"","background-repeat":"repeat","background-position":"center center","background-size":"auto","background-attachment":"scroll","background-type":"","background-media":"","overlay-type":"","overlay-color":"","overlay-gradient":""}},"footnotes":""},"categories":[4],"tags":[18,17,16,15,23,19,22],"class_list":["post-2021","post","type-post","status-publish","format-standard","has-post-thumbnail","hentry","category-actualites","tag-arts","tag-culture","tag-education","tag-fondation-minou-amir-aslani","tag-fondation-napoleon","tag-patrimoine","tag-savoir"],"_links":{"self":[{"href":"https:\/\/www.fondation-minou-amir-aslani.com\/en\/wp-json\/wp\/v2\/posts\/2021","targetHints":{"allow":["GET"]}}],"collection":[{"href":"https:\/\/www.fondation-minou-amir-aslani.com\/en\/wp-json\/wp\/v2\/posts"}],"about":[{"href":"https:\/\/www.fondation-minou-amir-aslani.com\/en\/wp-json\/wp\/v2\/types\/post"}],"author":[{"embeddable":true,"href":"https:\/\/www.fondation-minou-amir-aslani.com\/en\/wp-json\/wp\/v2\/users\/3"}],"replies":[{"embeddable":true,"href":"https:\/\/www.fondation-minou-amir-aslani.com\/en\/wp-json\/wp\/v2\/comments?post=2021"}],"version-history":[{"count":4,"href":"https:\/\/www.fondation-minou-amir-aslani.com\/en\/wp-json\/wp\/v2\/posts\/2021\/revisions"}],"predecessor-version":[{"id":2027,"href":"https:\/\/www.fondation-minou-amir-aslani.com\/en\/wp-json\/wp\/v2\/posts\/2021\/revisions\/2027"}],"wp:featuredmedia":[{"embeddable":true,"href":"https:\/\/www.fondation-minou-amir-aslani.com\/en\/wp-json\/wp\/v2\/media\/2023"}],"wp:attachment":[{"href":"https:\/\/www.fondation-minou-amir-aslani.com\/en\/wp-json\/wp\/v2\/media?parent=2021"}],"wp:term":[{"taxonomy":"category","embeddable":true,"href":"https:\/\/www.fondation-minou-amir-aslani.com\/en\/wp-json\/wp\/v2\/categories?post=2021"},{"taxonomy":"post_tag","embeddable":true,"href":"https:\/\/www.fondation-minou-amir-aslani.com\/en\/wp-json\/wp\/v2\/tags?post=2021"}],"curies":[{"name":"wp","href":"https:\/\/api.w.org\/{rel}","templated":true}]}}