{"id":2016,"date":"2024-12-17T09:49:47","date_gmt":"2024-12-17T08:49:47","guid":{"rendered":"https:\/\/www.fondation-minou-amir-aslani.com\/?p=2016"},"modified":"2024-12-17T09:52:28","modified_gmt":"2024-12-17T08:52:28","slug":"lamiral-edouard-guillaud-rejoint-le-conseil-dadministration-de-la-fondation-minou-amir-aslani","status":"publish","type":"post","link":"https:\/\/www.fondation-minou-amir-aslani.com\/en\/lamiral-edouard-guillaud-rejoint-le-conseil-dadministration-de-la-fondation-minou-amir-aslani\/","title":{"rendered":"L\u2019Amiral \u00c9douard Guillaud rejoint le Conseil d\u2019administration de la Fondation Minou Amir-Aslani"},"content":{"rendered":"<p class=\"wp-block-paragraph\"><strong>Lors du Conseil d\u2019administration de la Fondation Minou Amir-Aslani, qui s\u2019est tenu le mercredi 11 d\u00e9cembre 2024 \u00e0 l\u2019Institut de France, l\u2019Amiral \u00c9douard Guillaud a officiellement rejoint le coll\u00e8ge du fondateur, Ma\u00eetre Ardavan Amir-Aslani. Cet \u00e9v\u00e9nement marque une \u00e9tape importante dans l\u2019histoire de la Fondation, cr\u00e9\u00e9e le 19 f\u00e9vrier 2019 pour honorer la m\u00e9moire de Minou Amir-Aslani et perp\u00e9tuer son engagement en faveur de l\u2019\u00e9ducation et des arts.<\/strong><\/p>\n\n\n\n<p class=\"wp-block-paragraph\">Ancien Chef d\u2019\u00e9tat-major des arm\u00e9es, l\u2019Amiral Guillaud a servi aupr\u00e8s des Pr\u00e9sidents Jacques Chirac et Nicolas Sarkozy. Dipl\u00f4m\u00e9 de l\u2019\u00c9cole navale et de l\u2019\u00c9cole sup\u00e9rieure de guerre navale, il a command\u00e9 des b\u00e2timents embl\u00e9matiques comme le porte-avions Charles de Gaulle et occup\u00e9 des responsabilit\u00e9s de premier plan au service de la France. Son sens du devoir et sa vision strat\u00e9gique enrichiront les r\u00e9flexions et les initiatives port\u00e9es par la Fondation.<\/p>\n\n\n\n<p class=\"wp-block-paragraph\">Depuis sa cr\u00e9ation, la Fondation incarne une vision ambitieuse : soutenir l\u2019\u00e9ducation, la culture et la pr\u00e9servation du patrimoine, tout en favorisant des initiatives artistiques et intellectuelles. L\u2019arriv\u00e9e de l\u2019Amiral Guillaud, avec son engagement pour la transmission des savoirs et son exp\u00e9rience unique, renforce cette mission. Il illustre parfaitement les valeurs que la Fondation s\u2019efforce de promouvoir \u00e0 travers ses actions.<\/p>\n\n\n\n<p class=\"wp-block-paragraph\">Nous exprimons notre profonde gratitude \u00e0 l\u2019Amiral Guillaud pour sa confiance, convaincus que son expertise contribuera \u00e0 faire rayonner la Fondation dans les ann\u00e9es \u00e0 venir.<\/p>\n\n\n\n<p class=\"wp-block-paragraph\"><em>Photo d&rsquo;illustration : St\u00e9phane de Bourgies<\/em>. <\/p>\n\n\n\n<p class=\"wp-block-paragraph\"><\/p>","protected":false},"excerpt":{"rendered":"<p>Lors du Conseil d\u2019administration de la Fondation Minou Amir-Aslani, qui s\u2019est tenu le mercredi 11 d\u00e9cembre 2024 \u00e0 l\u2019Institut de France, l\u2019Amiral \u00c9douard Guillaud a officiellement rejoint le coll\u00e8ge du fondateur, Ma\u00eetre Ardavan Amir-Aslani. Cet \u00e9v\u00e9nement marque une \u00e9tape importante dans l\u2019histoire de la Fondation, cr\u00e9\u00e9e le 19 f\u00e9vrier 2019 pour honorer la m\u00e9moire de [&hellip;]<\/p>\n","protected":false},"author":3,"featured_media":2017,"comment_status":"closed","ping_status":"closed","sticky":false,"template":"","format":"standard","meta":{"_crdt_document":"","site-sidebar-layout":"default","site-content-layout":"","ast-site-content-layout":"default","site-content-style":"default","site-sidebar-style":"default","ast-global-header-display":"","ast-banner-title-visibility":"","ast-main-header-display":"","ast-hfb-above-header-display":"","ast-hfb-below-header-display":"","ast-hfb-mobile-header-display":"","site-post-title":"","ast-breadcrumbs-content":"","ast-featured-img":"","footer-sml-layout":"","theme-transparent-header-meta":"","adv-header-id-meta":"","stick-header-meta":"","header-above-stick-meta":"","header-main-stick-meta":"","header-below-stick-meta":"","astra-migrate-meta-layouts":"set","ast-page-background-enabled":"default","ast-page-background-meta":{"desktop":{"background-color":"var(--ast-global-color-4)","background-image":"","background-repeat":"repeat","background-position":"center center","background-size":"auto","background-attachment":"scroll","background-type":"","background-media":"","overlay-type":"","overlay-color":"","overlay-gradient":""},"tablet":{"background-color":"","background-image":"","background-repeat":"repeat","background-position":"center center","background-size":"auto","background-attachment":"scroll","background-type":"","background-media":"","overlay-type":"","overlay-color":"","overlay-gradient":""},"mobile":{"background-color":"","background-image":"","background-repeat":"repeat","background-position":"center center","background-size":"auto","background-attachment":"scroll","background-type":"","background-media":"","overlay-type":"","overlay-color":"","overlay-gradient":""}},"ast-content-background-meta":{"desktop":{"background-color":"var(--ast-global-color-5)","background-image":"","background-repeat":"repeat","background-position":"center center","background-size":"auto","background-attachment":"scroll","background-type":"","background-media":"","overlay-type":"","overlay-color":"","overlay-gradient":""},"tablet":{"background-color":"var(--ast-global-color-5)","background-image":"","background-repeat":"repeat","background-position":"center center","background-size":"auto","background-attachment":"scroll","background-type":"","background-media":"","overlay-type":"","overlay-color":"","overlay-gradient":""},"mobile":{"background-color":"var(--ast-global-color-5)","background-image":"","background-repeat":"repeat","background-position":"center center","background-size":"auto","background-attachment":"scroll","background-type":"","background-media":"","overlay-type":"","overlay-color":"","overlay-gradient":""}},"footnotes":""},"categories":[4],"tags":[20,18,17,16,15,19],"class_list":["post-2016","post","type-post","status-publish","format-standard","has-post-thumbnail","hentry","category-actualites","tag-amiral-edouard-guillaud","tag-arts","tag-culture","tag-education","tag-fondation-minou-amir-aslani","tag-patrimoine"],"_links":{"self":[{"href":"https:\/\/www.fondation-minou-amir-aslani.com\/en\/wp-json\/wp\/v2\/posts\/2016","targetHints":{"allow":["GET"]}}],"collection":[{"href":"https:\/\/www.fondation-minou-amir-aslani.com\/en\/wp-json\/wp\/v2\/posts"}],"about":[{"href":"https:\/\/www.fondation-minou-amir-aslani.com\/en\/wp-json\/wp\/v2\/types\/post"}],"author":[{"embeddable":true,"href":"https:\/\/www.fondation-minou-amir-aslani.com\/en\/wp-json\/wp\/v2\/users\/3"}],"replies":[{"embeddable":true,"href":"https:\/\/www.fondation-minou-amir-aslani.com\/en\/wp-json\/wp\/v2\/comments?post=2016"}],"version-history":[{"count":2,"href":"https:\/\/www.fondation-minou-amir-aslani.com\/en\/wp-json\/wp\/v2\/posts\/2016\/revisions"}],"predecessor-version":[{"id":2019,"href":"https:\/\/www.fondation-minou-amir-aslani.com\/en\/wp-json\/wp\/v2\/posts\/2016\/revisions\/2019"}],"wp:featuredmedia":[{"embeddable":true,"href":"https:\/\/www.fondation-minou-amir-aslani.com\/en\/wp-json\/wp\/v2\/media\/2017"}],"wp:attachment":[{"href":"https:\/\/www.fondation-minou-amir-aslani.com\/en\/wp-json\/wp\/v2\/media?parent=2016"}],"wp:term":[{"taxonomy":"category","embeddable":true,"href":"https:\/\/www.fondation-minou-amir-aslani.com\/en\/wp-json\/wp\/v2\/categories?post=2016"},{"taxonomy":"post_tag","embeddable":true,"href":"https:\/\/www.fondation-minou-amir-aslani.com\/en\/wp-json\/wp\/v2\/tags?post=2016"}],"curies":[{"name":"wp","href":"https:\/\/api.w.org\/{rel}","templated":true}]}}