{"id":1928,"date":"2024-01-30T17:11:30","date_gmt":"2024-01-30T16:11:30","guid":{"rendered":"https:\/\/www.fondation-minou-amir-aslani.com\/?p=1928"},"modified":"2024-01-30T17:11:30","modified_gmt":"2024-01-30T16:11:30","slug":"remise-dun-tapis-persan-au-1er-regiment-de-hussards-parachutistes","status":"publish","type":"post","link":"https:\/\/www.fondation-minou-amir-aslani.com\/en\/remise-dun-tapis-persan-au-1er-regiment-de-hussards-parachutistes\/","title":{"rendered":"Remise d&rsquo;un tapis persan au 1er r\u00e9giment de hussards parachutistes"},"content":{"rendered":"<p class=\"wp-block-paragraph\">Dans le cadre de la Fondation Minou Amir-Aslani, Me Amir-Aslani a eu le plaisir d&rsquo;offre au 1er R\u00e9giment de Hussards Parachutistes un tapis persan en soie et laine m\u00e9rinos tiss\u00e9 \u00e0 la main \u00e0 Tabriz, en Iran. <\/p>\n\n\n\n<p class=\"wp-block-paragraph\">Ce tapis a \u00e9t\u00e9 dispos\u00e9 dans le salon \u00ab\u00a0de Gastines\u00a0\u00bb du r\u00e9giment qui fait office de lieu de r\u00e9ception de leurs invit\u00e9s de marque.<\/p>\n\n\n\n<figure class=\"wp-block-gallery has-nested-images columns-default is-cropped wp-block-gallery-1 is-layout-flex wp-block-gallery-is-layout-flex\">\n<figure class=\"wp-block-image size-large\"><img fetchpriority=\"high\" decoding=\"async\" width=\"768\" height=\"1024\" data-id=\"1930\" src=\"https:\/\/www.fondation-minou-amir-aslani.com\/wp-content\/uploads\/2024\/01\/tapis-2-1-768x1024.jpg\" alt=\"\" class=\"wp-image-1930\" srcset=\"https:\/\/www.fondation-minou-amir-aslani.com\/wp-content\/uploads\/2024\/01\/tapis-2-1-768x1024.jpg 768w, https:\/\/www.fondation-minou-amir-aslani.com\/wp-content\/uploads\/2024\/01\/tapis-2-1-225x300.jpg 225w, https:\/\/www.fondation-minou-amir-aslani.com\/wp-content\/uploads\/2024\/01\/tapis-2-1-1152x1536.jpg 1152w, https:\/\/www.fondation-minou-amir-aslani.com\/wp-content\/uploads\/2024\/01\/tapis-2-1-1536x2048.jpg 1536w, https:\/\/www.fondation-minou-amir-aslani.com\/wp-content\/uploads\/2024\/01\/tapis-2-1-9x12.jpg 9w, https:\/\/www.fondation-minou-amir-aslani.com\/wp-content\/uploads\/2024\/01\/tapis-2-1-scaled.jpg 1920w\" sizes=\"(max-width: 768px) 100vw, 768px\" \/><\/figure>\n<\/figure>","protected":false},"excerpt":{"rendered":"<p>Dans le cadre de la Fondation Minou Amir-Aslani, Me Amir-Aslani a eu le plaisir d&rsquo;offre au 1er R\u00e9giment de Hussards Parachutistes un tapis persan en soie et laine m\u00e9rinos tiss\u00e9 \u00e0 la main \u00e0 Tabriz, en Iran. Ce tapis a \u00e9t\u00e9 dispos\u00e9 dans le salon \u00ab\u00a0de Gastines\u00a0\u00bb du r\u00e9giment qui fait office de lieu de [&hellip;]<\/p>\n","protected":false},"author":2,"featured_media":1931,"comment_status":"closed","ping_status":"","sticky":false,"template":"","format":"standard","meta":{"_crdt_document":"","site-sidebar-layout":"default","site-content-layout":"","ast-site-content-layout":"","site-content-style":"default","site-sidebar-style":"default","ast-global-header-display":"","ast-banner-title-visibility":"","ast-main-header-display":"","ast-hfb-above-header-display":"","ast-hfb-below-header-display":"","ast-hfb-mobile-header-display":"","site-post-title":"","ast-breadcrumbs-content":"","ast-featured-img":"","footer-sml-layout":"","theme-transparent-header-meta":"","adv-header-id-meta":"","stick-header-meta":"","header-above-stick-meta":"","header-main-stick-meta":"","header-below-stick-meta":"","astra-migrate-meta-layouts":"default","ast-page-background-enabled":"default","ast-page-background-meta":{"desktop":{"background-color":"var(--ast-global-color-4)","background-image":"","background-repeat":"repeat","background-position":"center center","background-size":"auto","background-attachment":"scroll","background-type":"","background-media":"","overlay-type":"","overlay-color":"","overlay-gradient":""},"tablet":{"background-color":"","background-image":"","background-repeat":"repeat","background-position":"center center","background-size":"auto","background-attachment":"scroll","background-type":"","background-media":"","overlay-type":"","overlay-color":"","overlay-gradient":""},"mobile":{"background-color":"","background-image":"","background-repeat":"repeat","background-position":"center center","background-size":"auto","background-attachment":"scroll","background-type":"","background-media":"","overlay-type":"","overlay-color":"","overlay-gradient":""}},"ast-content-background-meta":{"desktop":{"background-color":"var(--ast-global-color-5)","background-image":"","background-repeat":"repeat","background-position":"center center","background-size":"auto","background-attachment":"scroll","background-type":"","background-media":"","overlay-type":"","overlay-color":"","overlay-gradient":""},"tablet":{"background-color":"var(--ast-global-color-5)","background-image":"","background-repeat":"repeat","background-position":"center center","background-size":"auto","background-attachment":"scroll","background-type":"","background-media":"","overlay-type":"","overlay-color":"","overlay-gradient":""},"mobile":{"background-color":"var(--ast-global-color-5)","background-image":"","background-repeat":"repeat","background-position":"center center","background-size":"auto","background-attachment":"scroll","background-type":"","background-media":"","overlay-type":"","overlay-color":"","overlay-gradient":""}},"footnotes":""},"categories":[4],"tags":[],"class_list":["post-1928","post","type-post","status-publish","format-standard","has-post-thumbnail","hentry","category-actualites"],"_links":{"self":[{"href":"https:\/\/www.fondation-minou-amir-aslani.com\/en\/wp-json\/wp\/v2\/posts\/1928","targetHints":{"allow":["GET"]}}],"collection":[{"href":"https:\/\/www.fondation-minou-amir-aslani.com\/en\/wp-json\/wp\/v2\/posts"}],"about":[{"href":"https:\/\/www.fondation-minou-amir-aslani.com\/en\/wp-json\/wp\/v2\/types\/post"}],"author":[{"embeddable":true,"href":"https:\/\/www.fondation-minou-amir-aslani.com\/en\/wp-json\/wp\/v2\/users\/2"}],"replies":[{"embeddable":true,"href":"https:\/\/www.fondation-minou-amir-aslani.com\/en\/wp-json\/wp\/v2\/comments?post=1928"}],"version-history":[{"count":1,"href":"https:\/\/www.fondation-minou-amir-aslani.com\/en\/wp-json\/wp\/v2\/posts\/1928\/revisions"}],"predecessor-version":[{"id":1933,"href":"https:\/\/www.fondation-minou-amir-aslani.com\/en\/wp-json\/wp\/v2\/posts\/1928\/revisions\/1933"}],"wp:featuredmedia":[{"embeddable":true,"href":"https:\/\/www.fondation-minou-amir-aslani.com\/en\/wp-json\/wp\/v2\/media\/1931"}],"wp:attachment":[{"href":"https:\/\/www.fondation-minou-amir-aslani.com\/en\/wp-json\/wp\/v2\/media?parent=1928"}],"wp:term":[{"taxonomy":"category","embeddable":true,"href":"https:\/\/www.fondation-minou-amir-aslani.com\/en\/wp-json\/wp\/v2\/categories?post=1928"},{"taxonomy":"post_tag","embeddable":true,"href":"https:\/\/www.fondation-minou-amir-aslani.com\/en\/wp-json\/wp\/v2\/tags?post=1928"}],"curies":[{"name":"wp","href":"https:\/\/api.w.org\/{rel}","templated":true}]}}