{"id":1920,"date":"2023-12-07T14:49:20","date_gmt":"2023-12-07T13:49:20","guid":{"rendered":"https:\/\/www.fondation-minou-amir-aslani.com\/?p=1920"},"modified":"2023-12-07T14:51:17","modified_gmt":"2023-12-07T13:51:17","slug":"remise-de-prix-2023-de-la-fondation-napoleon","status":"publish","type":"post","link":"https:\/\/www.fondation-minou-amir-aslani.com\/en\/remise-de-prix-2023-de-la-fondation-napoleon\/","title":{"rendered":"Remise de Prix 2023 de la Fondation Napol\u00e9on"},"content":{"rendered":"<p class=\"wp-block-paragraph\">Le 6 d\u00e9cembre 2023 a eu lieu la c\u00e9r\u00e9monie de Remise de Prix et Bourses de la Fondation Napol\u00e9on dans la salle des Gardes de l\u2019H\u00f4tel de Sully. Chaque ann\u00e9e, la Fondation Minou Amir-Aslani soutient la Fondation Napol\u00e9on en attribuant une bourse d\u2019\u00e9tudes portant le nom de Minou Amir-Aslani \u00e0 des \u00e9tudiants de troisi\u00e8me cycle pr\u00e9parant une th\u00e8se sur des sujets concernant le Premier ou le Second Empire.<\/p>\n\n\n\n<p class=\"wp-block-paragraph\">Cette ann\u00e9e, la bourse de la Fondation Minou Amir-Aslani a \u00e9t\u00e9 attribu\u00e9e \u00e0 Chlo\u00e9 CHATRIAN pour sa th\u00e8se portant sur le sujet suivant : \u00ab <em>Les enfants combattants dans les arm\u00e9es fran\u00e7aises au XIXe si\u00e8cle : exp\u00e9riences et repr\u00e9sentations&nbsp;\u00bb.<\/em><\/p>\n\n\n\n<p class=\"wp-block-paragraph\">Retrouvez <a href=\"https:\/\/fondationnapoleon.org\/bourse-etude\/bourses-detudes-2023\/\" target=\"_blank\" rel=\"noreferrer noopener\">ici<\/a> le r\u00e9sum\u00e9 de son sujet de th\u00e8se.<\/p>\n\n\n\n<p class=\"wp-block-paragraph\">Pour en savoir plus sur la <a href=\"https:\/\/fondationnapoleon.org\/\" data-type=\"link\" data-id=\"https:\/\/fondationnapoleon.org\/\" target=\"_blank\" rel=\"noreferrer noopener\">Fondation Napol\u00e9on<\/a>.<\/p>","protected":false},"excerpt":{"rendered":"<p>Le 6 d\u00e9cembre 2023 a eu lieu la c\u00e9r\u00e9monie de Remise de Prix et Bourses de la Fondation Napol\u00e9on dans la salle des Gardes de l\u2019H\u00f4tel de Sully. Chaque ann\u00e9e, la Fondation Minou Amir-Aslani soutient la Fondation Napol\u00e9on en attribuant une bourse d\u2019\u00e9tudes portant le nom de Minou Amir-Aslani \u00e0 des \u00e9tudiants de troisi\u00e8me cycle [&hellip;]<\/p>\n","protected":false},"author":2,"featured_media":1924,"comment_status":"closed","ping_status":"","sticky":false,"template":"","format":"standard","meta":{"_crdt_document":"","site-sidebar-layout":"default","site-content-layout":"","ast-site-content-layout":"","site-content-style":"default","site-sidebar-style":"default","ast-global-header-display":"","ast-banner-title-visibility":"","ast-main-header-display":"","ast-hfb-above-header-display":"","ast-hfb-below-header-display":"","ast-hfb-mobile-header-display":"","site-post-title":"","ast-breadcrumbs-content":"","ast-featured-img":"","footer-sml-layout":"","theme-transparent-header-meta":"","adv-header-id-meta":"","stick-header-meta":"","header-above-stick-meta":"","header-main-stick-meta":"","header-below-stick-meta":"","astra-migrate-meta-layouts":"default","ast-page-background-enabled":"default","ast-page-background-meta":{"desktop":{"background-color":"var(--ast-global-color-4)","background-image":"","background-repeat":"repeat","background-position":"center center","background-size":"auto","background-attachment":"scroll","background-type":"","background-media":"","overlay-type":"","overlay-color":"","overlay-gradient":""},"tablet":{"background-color":"","background-image":"","background-repeat":"repeat","background-position":"center center","background-size":"auto","background-attachment":"scroll","background-type":"","background-media":"","overlay-type":"","overlay-color":"","overlay-gradient":""},"mobile":{"background-color":"","background-image":"","background-repeat":"repeat","background-position":"center center","background-size":"auto","background-attachment":"scroll","background-type":"","background-media":"","overlay-type":"","overlay-color":"","overlay-gradient":""}},"ast-content-background-meta":{"desktop":{"background-color":"var(--ast-global-color-5)","background-image":"","background-repeat":"repeat","background-position":"center center","background-size":"auto","background-attachment":"scroll","background-type":"","background-media":"","overlay-type":"","overlay-color":"","overlay-gradient":""},"tablet":{"background-color":"var(--ast-global-color-5)","background-image":"","background-repeat":"repeat","background-position":"center center","background-size":"auto","background-attachment":"scroll","background-type":"","background-media":"","overlay-type":"","overlay-color":"","overlay-gradient":""},"mobile":{"background-color":"var(--ast-global-color-5)","background-image":"","background-repeat":"repeat","background-position":"center center","background-size":"auto","background-attachment":"scroll","background-type":"","background-media":"","overlay-type":"","overlay-color":"","overlay-gradient":""}},"footnotes":""},"categories":[4],"tags":[],"class_list":["post-1920","post","type-post","status-publish","format-standard","has-post-thumbnail","hentry","category-actualites"],"_links":{"self":[{"href":"https:\/\/www.fondation-minou-amir-aslani.com\/en\/wp-json\/wp\/v2\/posts\/1920","targetHints":{"allow":["GET"]}}],"collection":[{"href":"https:\/\/www.fondation-minou-amir-aslani.com\/en\/wp-json\/wp\/v2\/posts"}],"about":[{"href":"https:\/\/www.fondation-minou-amir-aslani.com\/en\/wp-json\/wp\/v2\/types\/post"}],"author":[{"embeddable":true,"href":"https:\/\/www.fondation-minou-amir-aslani.com\/en\/wp-json\/wp\/v2\/users\/2"}],"replies":[{"embeddable":true,"href":"https:\/\/www.fondation-minou-amir-aslani.com\/en\/wp-json\/wp\/v2\/comments?post=1920"}],"version-history":[{"count":2,"href":"https:\/\/www.fondation-minou-amir-aslani.com\/en\/wp-json\/wp\/v2\/posts\/1920\/revisions"}],"predecessor-version":[{"id":1923,"href":"https:\/\/www.fondation-minou-amir-aslani.com\/en\/wp-json\/wp\/v2\/posts\/1920\/revisions\/1923"}],"wp:featuredmedia":[{"embeddable":true,"href":"https:\/\/www.fondation-minou-amir-aslani.com\/en\/wp-json\/wp\/v2\/media\/1924"}],"wp:attachment":[{"href":"https:\/\/www.fondation-minou-amir-aslani.com\/en\/wp-json\/wp\/v2\/media?parent=1920"}],"wp:term":[{"taxonomy":"category","embeddable":true,"href":"https:\/\/www.fondation-minou-amir-aslani.com\/en\/wp-json\/wp\/v2\/categories?post=1920"},{"taxonomy":"post_tag","embeddable":true,"href":"https:\/\/www.fondation-minou-amir-aslani.com\/en\/wp-json\/wp\/v2\/tags?post=1920"}],"curies":[{"name":"wp","href":"https:\/\/api.w.org\/{rel}","templated":true}]}}