{"id":1912,"date":"2023-11-06T12:15:46","date_gmt":"2023-11-06T11:15:46","guid":{"rendered":"https:\/\/www.fondation-minou-amir-aslani.com\/?p=1912"},"modified":"2023-11-06T12:15:46","modified_gmt":"2023-11-06T11:15:46","slug":"la-fondation-minou-amir-aslani-soutient-le-projet-une-classe-un-atelier","status":"publish","type":"post","link":"https:\/\/www.fondation-minou-amir-aslani.com\/en\/la-fondation-minou-amir-aslani-soutient-le-projet-une-classe-un-atelier\/","title":{"rendered":"La Fondation Minou Amir-Aslani soutient le projet \u00ab\u00a0Une classe, un atelier\u00a0\u00bb"},"content":{"rendered":"<p class=\"wp-block-paragraph\">L\u2019Ecole des Beaux-Arts de Paris poursuit son programme p\u00e9dagogique \u00ab&nbsp;<em>Une classe, un atelier<\/em>&nbsp;\u00bb qui propose des rencontres entre une classe de coll\u00e8ge ou de lyc\u00e9e et un atelier des Beaux-Arts \u00ab&nbsp;<em>pour un \u00e9change de connaissances, une sensibilisation \u00e0 la pratique en atelier et \u00e0 l\u2019enseignement artistique<\/em>&nbsp;\u00bb.<\/p>\n\n\n\n<p class=\"wp-block-paragraph\">Gr\u00e2ce \u00e0 la participation de la Fondation Minou Amir-Aslani, qui soutient l\u2019Ecole des Beaux-Arts dans ses projets d\u00e9di\u00e9s \u00e0 l\u2019accueil de jeunes, un plus grand nombre de classes issues de de trois acad\u00e9mies franciliennes (Cr\u00e9teil, Paris, Versailles) pourront b\u00e9n\u00e9ficier de ce programme.<\/p>\n\n\n\n<p class=\"wp-block-paragraph\">Pour en savoir plus sur ce programme, rendez-vous&nbsp;<a href=\"https:\/\/www.beauxartsparis.fr\/fr\/actualite\/une-classe-un-atelier\" target=\"_blank\" rel=\"noreferrer noopener\">ici<\/a>.<\/p>","protected":false},"excerpt":{"rendered":"<p>L\u2019Ecole des Beaux-Arts de Paris poursuit son programme p\u00e9dagogique \u00ab&nbsp;Une classe, un atelier&nbsp;\u00bb qui propose des rencontres entre une classe de coll\u00e8ge ou de lyc\u00e9e et un atelier des Beaux-Arts \u00ab&nbsp;pour un \u00e9change de connaissances, une sensibilisation \u00e0 la pratique en atelier et \u00e0 l\u2019enseignement artistique&nbsp;\u00bb. Gr\u00e2ce \u00e0 la participation de la Fondation Minou Amir-Aslani, [&hellip;]<\/p>\n","protected":false},"author":2,"featured_media":1915,"comment_status":"closed","ping_status":"","sticky":false,"template":"","format":"standard","meta":{"_crdt_document":"","site-sidebar-layout":"default","site-content-layout":"","ast-site-content-layout":"","site-content-style":"default","site-sidebar-style":"default","ast-global-header-display":"","ast-banner-title-visibility":"","ast-main-header-display":"","ast-hfb-above-header-display":"","ast-hfb-below-header-display":"","ast-hfb-mobile-header-display":"","site-post-title":"","ast-breadcrumbs-content":"","ast-featured-img":"","footer-sml-layout":"","theme-transparent-header-meta":"","adv-header-id-meta":"","stick-header-meta":"","header-above-stick-meta":"","header-main-stick-meta":"","header-below-stick-meta":"","astra-migrate-meta-layouts":"default","ast-page-background-enabled":"default","ast-page-background-meta":{"desktop":{"background-color":"var(--ast-global-color-4)","background-image":"","background-repeat":"repeat","background-position":"center center","background-size":"auto","background-attachment":"scroll","background-type":"","background-media":"","overlay-type":"","overlay-color":"","overlay-gradient":""},"tablet":{"background-color":"","background-image":"","background-repeat":"repeat","background-position":"center center","background-size":"auto","background-attachment":"scroll","background-type":"","background-media":"","overlay-type":"","overlay-color":"","overlay-gradient":""},"mobile":{"background-color":"","background-image":"","background-repeat":"repeat","background-position":"center center","background-size":"auto","background-attachment":"scroll","background-type":"","background-media":"","overlay-type":"","overlay-color":"","overlay-gradient":""}},"ast-content-background-meta":{"desktop":{"background-color":"var(--ast-global-color-5)","background-image":"","background-repeat":"repeat","background-position":"center center","background-size":"auto","background-attachment":"scroll","background-type":"","background-media":"","overlay-type":"","overlay-color":"","overlay-gradient":""},"tablet":{"background-color":"var(--ast-global-color-5)","background-image":"","background-repeat":"repeat","background-position":"center center","background-size":"auto","background-attachment":"scroll","background-type":"","background-media":"","overlay-type":"","overlay-color":"","overlay-gradient":""},"mobile":{"background-color":"var(--ast-global-color-5)","background-image":"","background-repeat":"repeat","background-position":"center center","background-size":"auto","background-attachment":"scroll","background-type":"","background-media":"","overlay-type":"","overlay-color":"","overlay-gradient":""}},"footnotes":""},"categories":[4],"tags":[],"class_list":["post-1912","post","type-post","status-publish","format-standard","has-post-thumbnail","hentry","category-actualites"],"_links":{"self":[{"href":"https:\/\/www.fondation-minou-amir-aslani.com\/en\/wp-json\/wp\/v2\/posts\/1912","targetHints":{"allow":["GET"]}}],"collection":[{"href":"https:\/\/www.fondation-minou-amir-aslani.com\/en\/wp-json\/wp\/v2\/posts"}],"about":[{"href":"https:\/\/www.fondation-minou-amir-aslani.com\/en\/wp-json\/wp\/v2\/types\/post"}],"author":[{"embeddable":true,"href":"https:\/\/www.fondation-minou-amir-aslani.com\/en\/wp-json\/wp\/v2\/users\/2"}],"replies":[{"embeddable":true,"href":"https:\/\/www.fondation-minou-amir-aslani.com\/en\/wp-json\/wp\/v2\/comments?post=1912"}],"version-history":[{"count":1,"href":"https:\/\/www.fondation-minou-amir-aslani.com\/en\/wp-json\/wp\/v2\/posts\/1912\/revisions"}],"predecessor-version":[{"id":1913,"href":"https:\/\/www.fondation-minou-amir-aslani.com\/en\/wp-json\/wp\/v2\/posts\/1912\/revisions\/1913"}],"wp:featuredmedia":[{"embeddable":true,"href":"https:\/\/www.fondation-minou-amir-aslani.com\/en\/wp-json\/wp\/v2\/media\/1915"}],"wp:attachment":[{"href":"https:\/\/www.fondation-minou-amir-aslani.com\/en\/wp-json\/wp\/v2\/media?parent=1912"}],"wp:term":[{"taxonomy":"category","embeddable":true,"href":"https:\/\/www.fondation-minou-amir-aslani.com\/en\/wp-json\/wp\/v2\/categories?post=1912"},{"taxonomy":"post_tag","embeddable":true,"href":"https:\/\/www.fondation-minou-amir-aslani.com\/en\/wp-json\/wp\/v2\/tags?post=1912"}],"curies":[{"name":"wp","href":"https:\/\/api.w.org\/{rel}","templated":true}]}}