{"id":1859,"date":"2023-03-06T11:49:48","date_gmt":"2023-03-06T10:49:48","guid":{"rendered":"https:\/\/www.fondation-minou-amir-aslani.com\/?p=1859"},"modified":"2025-03-10T11:34:29","modified_gmt":"2025-03-10T10:34:29","slug":"appel-a-candidatures-prix-theatre","status":"publish","type":"post","link":"https:\/\/www.fondation-minou-amir-aslani.com\/en\/appel-a-candidatures-prix-theatre\/","title":{"rendered":"Appel \u00e0 candidatures \u2013 Prix Th\u00e9\u00e2tre"},"content":{"rendered":"<p class=\"wp-block-paragraph\">La Fondation Minou Amir-Aslani cr\u00e9e le \u00ab&nbsp;<em>Prix th\u00e9\u00e2tral<\/em>&nbsp;\u00bb destin\u00e9 \u00e0 r\u00e9compenser l\u2019\u00e9criture d\u2019une premi\u00e8re pi\u00e8ce de th\u00e9\u00e2tre contemporaine fran\u00e7aise cr\u00e9\u00e9e et mise en sc\u00e8ne dans les dix-huit derniers mois pr\u00e9c\u00e9dant la r\u00e9union du jury.<\/p>\n\n\n\n<p class=\"wp-block-paragraph\">Le Prix, d\u2019un montant de 10.000\u20ac, sera attribu\u00e9 annuellement par le conseil d\u2019administration de la Fondation Minou Amir-Aslani, pr\u00e9sid\u00e9 par le Chancelier de l\u2019Institut, apr\u00e8s d\u00e9lib\u00e9ration du jury pr\u00e9sid\u00e9 par Madame Muriel Mayette-Holtz, Directrice du th\u00e9\u00e2tre national de Nice et membre de l\u2019Acad\u00e9mie des beaux-arts de l\u2019Institut de France.<\/p>\n\n\n\n<p class=\"wp-block-paragraph\">La s\u00e9lection du laur\u00e9at se fera apr\u00e8s \u00e9tude des dossiers de candidatures. Vous pouvez retrouver les modalit\u00e9s de participation sur le site de l\u2019Institut de France.<\/p>","protected":false},"excerpt":{"rendered":"<p>La Fondation Minou Amir-Aslani cr\u00e9e le \u00ab&nbsp;Prix th\u00e9\u00e2tral&nbsp;\u00bb destin\u00e9 \u00e0 r\u00e9compenser l\u2019\u00e9criture d\u2019une premi\u00e8re pi\u00e8ce de th\u00e9\u00e2tre contemporaine fran\u00e7aise cr\u00e9\u00e9e et mise en sc\u00e8ne dans les dix-huit derniers mois pr\u00e9c\u00e9dant la r\u00e9union du jury. Le Prix, d\u2019un montant de 10.000\u20ac, sera attribu\u00e9 annuellement par le conseil d\u2019administration de la Fondation Minou Amir-Aslani, pr\u00e9sid\u00e9 par le [&hellip;]<\/p>\n","protected":false},"author":2,"featured_media":1860,"comment_status":"closed","ping_status":"","sticky":false,"template":"","format":"standard","meta":{"_crdt_document":"","site-sidebar-layout":"default","site-content-layout":"","ast-site-content-layout":"default","site-content-style":"default","site-sidebar-style":"default","ast-global-header-display":"","ast-banner-title-visibility":"","ast-main-header-display":"","ast-hfb-above-header-display":"","ast-hfb-below-header-display":"","ast-hfb-mobile-header-display":"","site-post-title":"","ast-breadcrumbs-content":"","ast-featured-img":"","footer-sml-layout":"","theme-transparent-header-meta":"","adv-header-id-meta":"","stick-header-meta":"","header-above-stick-meta":"","header-main-stick-meta":"","header-below-stick-meta":"","astra-migrate-meta-layouts":"set","ast-page-background-enabled":"default","ast-page-background-meta":{"desktop":{"background-color":"var(--ast-global-color-4)","background-image":"","background-repeat":"repeat","background-position":"center center","background-size":"auto","background-attachment":"scroll","background-type":"","background-media":"","overlay-type":"","overlay-color":"","overlay-gradient":""},"tablet":{"background-color":"","background-image":"","background-repeat":"repeat","background-position":"center center","background-size":"auto","background-attachment":"scroll","background-type":"","background-media":"","overlay-type":"","overlay-color":"","overlay-gradient":""},"mobile":{"background-color":"","background-image":"","background-repeat":"repeat","background-position":"center center","background-size":"auto","background-attachment":"scroll","background-type":"","background-media":"","overlay-type":"","overlay-color":"","overlay-gradient":""}},"ast-content-background-meta":{"desktop":{"background-color":"var(--ast-global-color-5)","background-image":"","background-repeat":"repeat","background-position":"center center","background-size":"auto","background-attachment":"scroll","background-type":"","background-media":"","overlay-type":"","overlay-color":"","overlay-gradient":""},"tablet":{"background-color":"var(--ast-global-color-5)","background-image":"","background-repeat":"repeat","background-position":"center center","background-size":"auto","background-attachment":"scroll","background-type":"","background-media":"","overlay-type":"","overlay-color":"","overlay-gradient":""},"mobile":{"background-color":"var(--ast-global-color-5)","background-image":"","background-repeat":"repeat","background-position":"center center","background-size":"auto","background-attachment":"scroll","background-type":"","background-media":"","overlay-type":"","overlay-color":"","overlay-gradient":""}},"footnotes":""},"categories":[4],"tags":[],"class_list":["post-1859","post","type-post","status-publish","format-standard","has-post-thumbnail","hentry","category-actualites"],"_links":{"self":[{"href":"https:\/\/www.fondation-minou-amir-aslani.com\/en\/wp-json\/wp\/v2\/posts\/1859","targetHints":{"allow":["GET"]}}],"collection":[{"href":"https:\/\/www.fondation-minou-amir-aslani.com\/en\/wp-json\/wp\/v2\/posts"}],"about":[{"href":"https:\/\/www.fondation-minou-amir-aslani.com\/en\/wp-json\/wp\/v2\/types\/post"}],"author":[{"embeddable":true,"href":"https:\/\/www.fondation-minou-amir-aslani.com\/en\/wp-json\/wp\/v2\/users\/2"}],"replies":[{"embeddable":true,"href":"https:\/\/www.fondation-minou-amir-aslani.com\/en\/wp-json\/wp\/v2\/comments?post=1859"}],"version-history":[{"count":2,"href":"https:\/\/www.fondation-minou-amir-aslani.com\/en\/wp-json\/wp\/v2\/posts\/1859\/revisions"}],"predecessor-version":[{"id":2191,"href":"https:\/\/www.fondation-minou-amir-aslani.com\/en\/wp-json\/wp\/v2\/posts\/1859\/revisions\/2191"}],"wp:featuredmedia":[{"embeddable":true,"href":"https:\/\/www.fondation-minou-amir-aslani.com\/en\/wp-json\/wp\/v2\/media\/1860"}],"wp:attachment":[{"href":"https:\/\/www.fondation-minou-amir-aslani.com\/en\/wp-json\/wp\/v2\/media?parent=1859"}],"wp:term":[{"taxonomy":"category","embeddable":true,"href":"https:\/\/www.fondation-minou-amir-aslani.com\/en\/wp-json\/wp\/v2\/categories?post=1859"},{"taxonomy":"post_tag","embeddable":true,"href":"https:\/\/www.fondation-minou-amir-aslani.com\/en\/wp-json\/wp\/v2\/tags?post=1859"}],"curies":[{"name":"wp","href":"https:\/\/api.w.org\/{rel}","templated":true}]}}